{"id":13407,"date":"2020-06-04T13:20:44","date_gmt":"2020-06-04T16:20:44","guid":{"rendered":"http:\/\/blog.cancaonova.com\/brasilia\/?p=13407"},"modified":"2020-06-04T13:24:27","modified_gmt":"2020-06-04T16:24:27","slug":"acampamento-combatentes-na-oracao","status":"publish","type":"post","link":"https:\/\/blog.cancaonova.com\/brasilia\/acampamento-combatentes-na-oracao\/","title":{"rendered":"Acampamento Combatentes na Ora\u00e7\u00e3o"},"content":{"rendered":"<p><img loading=\"lazy\" decoding=\"async\" class=\"aligncenter size-medium wp-image-13408\" src=\"http:\/\/blog.cancaonova.com\/brasilia\/files\/2020\/06\/ACAMPAMENTO-4-300x300.png\" alt=\"\" width=\"300\" height=\"300\" srcset=\"https:\/\/blog.cancaonova.com\/brasilia\/files\/2020\/06\/ACAMPAMENTO-4-300x300.png 300w, https:\/\/blog.cancaonova.com\/brasilia\/files\/2020\/06\/ACAMPAMENTO-4-290x290.png 290w, https:\/\/blog.cancaonova.com\/brasilia\/files\/2020\/06\/ACAMPAMENTO-4-768x768.png 768w, https:\/\/blog.cancaonova.com\/brasilia\/files\/2020\/06\/ACAMPAMENTO-4-144x144.png 144w, https:\/\/blog.cancaonova.com\/brasilia\/files\/2020\/06\/ACAMPAMENTO-4.png 1080w\" sizes=\"(max-width: 300px) 100vw, 300px\" \/>Nos dias 19, 20 e 21 de Junho de 2020, transmitiremos por todo Sistema Can\u00e7\u00e3o Nova de Comunica\u00e7\u00e3o, direto da Can\u00e7\u00e3o Nova Bras\u00edlia, o Acampamento Combatentes na Ora\u00e7\u00e3o. Enraizados no Sagrado Cora\u00e7\u00e3o de Jesus, somos valentes guerreiros para enfrentar as realidades deste mundo e vencer as lutas contra as investidas do inimigo que tentam \u00e0 n\u00f3s e \u00e0s nossas fam\u00edlias.<\/p>\n<p>Acompanhe pela TV Can\u00e7\u00e3o Nova, R\u00e1dio Can\u00e7\u00e3o Nova e Redes Sociais Can\u00e7\u00e3o Nova Bras\u00edlia, uma programa\u00e7\u00e3o especial:<\/p>\n<p>Sexta-feira (19\/06) &#8211;<\/p>\n<p>20h: Santa Missa e Adora\u00e7\u00e3o<\/p>\n<p>S\u00e1bado (20\/06) &#8211;<\/p>\n<p>8h30: Anima\u00e7\u00e3o<br \/>\n8h40: Ora\u00e7\u00e3o da Manh\u00e3<br \/>\n9h00: Prega\u00e7\u00e3o<br \/>\n9h55: Promo\u00e7\u00e3o de Palco<br \/>\n9h57: Intervalo<br \/>\n10h30: Anima\u00e7\u00e3o<br \/>\n10h40: Prega\u00e7\u00e3o<br \/>\n11h25: Promo\u00e7\u00e3o de Palco<br \/>\n11h27: Encerramento da parte da manh\u00e3<br \/>\n13h30: Retrono\/Anima\u00e7\u00e3o<br \/>\n13h40: Prega\u00e7\u00e3o<br \/>\n14h25: Promo\u00e7\u00e3o de Palco<br \/>\n14h27: Intervalo<br \/>\n15h00: Santa Missa e Adora\u00e7\u00e3o<br \/>\n16h27: Encerramento<\/p>\n<p>21h00: Noite Oracional com Pe. Bruno Costa, Adair Soares, Michelle Abrantes, Huanda Silva, Gabriela Carvalho, Fl\u00e1via Soares e B\u00e1rbara Sanches<\/p>\n<p>Domingo (21\/06) &#8211;<\/p>\n<p>8h30: Anima\u00e7\u00e3o<br \/>\n8h45: Ora\u00e7\u00e3o da Manh\u00e3<br \/>\n9h00: Prega\u00e7\u00e3o<br \/>\n9h55: Promo\u00e7\u00e3o de Palco<br \/>\n9h57: Intervalo<br \/>\n10h30: Anima\u00e7\u00e3o<br \/>\n10h40: Prega\u00e7\u00e3o<br \/>\n11h25: Promo\u00e7\u00e3o de Palco<br \/>\n11h27: Encerramento da parte da manh\u00e3<br \/>\n13h30: Retorno\/Anima\u00e7\u00e3o<br \/>\n13h40: Prega\u00e7\u00e3o<br \/>\n14h27: Intervalo<br \/>\n15h00: Santa Missa de Encerramento.<\/p>\n<p>Voc\u00ea n\u00e3o pode perder!<\/p>\n<p>FONTE: Eventos Can\u00e7\u00e3o Nova Bras\u00edlia &#8211; Camilla Brasil<\/p>\n","protected":false},"excerpt":{"rendered":"<p>Nos dias 19, 20 e 21 de Junho de 2020, transmitiremos por todo Sistema Can\u00e7\u00e3o Nova de Comunica\u00e7\u00e3o, direto da Can\u00e7\u00e3o Nova Bras\u00edlia, o Acampamento Combatentes na Ora\u00e7\u00e3o. Enraizados no Sagrado Cora\u00e7\u00e3o de Jesus, somos valentes guerreiros para enfrentar as&#8230;<\/p>\n","protected":false},"author":1361,"featured_media":13408,"comment_status":"open","ping_status":"closed","sticky":false,"template":"","format":"standard","meta":{"_mi_skip_tracking":false,"_monsterinsights_sitenote_active":false,"_monsterinsights_sitenote_note":"","_monsterinsights_sitenote_category":0,"footnotes":""},"categories":[10341],"tags":[],"_links":{"self":[{"href":"https:\/\/blog.cancaonova.com\/brasilia\/wp-json\/wp\/v2\/posts\/13407"}],"collection":[{"href":"https:\/\/blog.cancaonova.com\/brasilia\/wp-json\/wp\/v2\/posts"}],"about":[{"href":"https:\/\/blog.cancaonova.com\/brasilia\/wp-json\/wp\/v2\/types\/post"}],"author":[{"embeddable":true,"href":"https:\/\/blog.cancaonova.com\/brasilia\/wp-json\/wp\/v2\/users\/1361"}],"replies":[{"embeddable":true,"href":"https:\/\/blog.cancaonova.com\/brasilia\/wp-json\/wp\/v2\/comments?post=13407"}],"version-history":[{"count":1,"href":"https:\/\/blog.cancaonova.com\/brasilia\/wp-json\/wp\/v2\/posts\/13407\/revisions"}],"predecessor-version":[{"id":13409,"href":"https:\/\/blog.cancaonova.com\/brasilia\/wp-json\/wp\/v2\/posts\/13407\/revisions\/13409"}],"wp:featuredmedia":[{"embeddable":true,"href":"https:\/\/blog.cancaonova.com\/brasilia\/wp-json\/wp\/v2\/media\/13408"}],"wp:attachment":[{"href":"https:\/\/blog.cancaonova.com\/brasilia\/wp-json\/wp\/v2\/media?parent=13407"}],"wp:term":[{"taxonomy":"category","embeddable":true,"href":"https:\/\/blog.cancaonova.com\/brasilia\/wp-json\/wp\/v2\/categories?post=13407"},{"taxonomy":"post_tag","embeddable":true,"href":"https:\/\/blog.cancaonova.com\/brasilia\/wp-json\/wp\/v2\/tags?post=13407"}],"curies":[{"name":"wp","href":"https:\/\/api.w.org\/{rel}","templated":true}]}}