{"id":5058,"date":"2009-03-30T16:37:22","date_gmt":"2009-03-30T19:37:22","guid":{"rendered":"http:\/\/blog.cancaonova.com\/brasilia\/?p=5058"},"modified":"2009-03-30T16:37:22","modified_gmt":"2009-03-30T19:37:22","slug":"a-confissao-tem-poder-de-cura","status":"publish","type":"post","link":"https:\/\/blog.cancaonova.com\/brasilia\/a-confissao-tem-poder-de-cura\/","title":{"rendered":"A confiss\u00e3o tem poder de cura!"},"content":{"rendered":"<p style=\"text-align: center\"><img loading=\"lazy\" decoding=\"async\" class=\"size-full wp-image-5059    aligncenter\" src=\"http:\/\/blog.cancaonova.com\/brasilia\/files\/2009\/03\/confissao272.jpg\" alt=\"\" width=\"346\" height=\"203\" \/><\/p>\n<p style=\"text-align: center\">A confiss\u00e3o \u00e9 importante o ano todo porque ela \u00e9 justamente o sacramento que nos reconcilia. E ela <strong>tem o poder curativo em n\u00f3s<\/strong>, quando descobrimos que <strong>a cada confiss\u00e3o a gente se prop\u00f5e a uma mudan\u00e7a<\/strong>.<strong> Por isso ela \u00e9 curativa e faz crescer. <\/strong>Sempre que voc\u00ea se restaura de um erro, de uma fragilidade tamb\u00e9m se projeta para crescer, a partir daquilo. De forma muito especial, na Quaresma, porque \u00e9 um tempo especifico de convers\u00e3o &#8211; e na verdade <strong>a confiss\u00e3o \u00e9 uma mola propulsora da convers\u00e3o<\/strong>.<\/p>\n<p style=\"text-align: center\">\u00a0Se a gente se confessa com mais regularidade na Quaresma e leva a mais a s\u00e9rio as conseq\u00fc\u00eancias da confiss\u00e3o, que \u00e9 justamente a reconcilia\u00e7\u00e3o e conseq\u00fcentemente o passo que a gente d\u00e1 para superar o erro, <strong>vamos viver uma Quaresma muito mais santa, porque a vamos trazer o benef\u00edcio do Sacramento neste tempo t\u00e3o espec\u00edfico de convers\u00e3o.<\/strong><\/p>\n<p style=\"text-align: right\"><em><strong>Padre F\u00e1bio de Melo<\/strong><br \/>\nApresentador do programa &#8220;Dire\u00e7\u00e3o Espiritual&#8221; da TV Can\u00e7\u00e3o Nova,<br \/>\n<\/em><span style=\"color: #0000ff\"><strong><\/strong><\/span><\/p>\n<p style=\"text-align: center\"><span style=\"color: #0000ff\"><strong>Com certeza na sua Par\u00f3quia ou regi\u00e3o j\u00e1 come\u00e7aram os &#8216;mutir\u00f5es&#8217; de confiss\u00e3o em prepara\u00e7\u00e3o para a Semana Santa, aproveite essa oportuiidade e prepare sua alma para bem celebrar os mist\u00e9rios do Senhor!<\/strong><\/span><\/p>\n","protected":false},"excerpt":{"rendered":"<p>A confiss\u00e3o \u00e9 importante o ano todo porque ela \u00e9 justamente o sacramento que nos reconcilia. E ela tem o poder curativo em n\u00f3s, quando descobrimos que a cada confiss\u00e3o a gente se prop\u00f5e a uma mudan\u00e7a. Por isso ela&#8230;<\/p>\n","protected":false},"author":1361,"featured_media":0,"comment_status":"open","ping_status":"open","sticky":false,"template":"","format":"standard","meta":{"_mi_skip_tracking":false,"_monsterinsights_sitenote_active":false,"_monsterinsights_sitenote_note":"","_monsterinsights_sitenote_category":0,"footnotes":""},"categories":[23],"tags":[],"_links":{"self":[{"href":"https:\/\/blog.cancaonova.com\/brasilia\/wp-json\/wp\/v2\/posts\/5058"}],"collection":[{"href":"https:\/\/blog.cancaonova.com\/brasilia\/wp-json\/wp\/v2\/posts"}],"about":[{"href":"https:\/\/blog.cancaonova.com\/brasilia\/wp-json\/wp\/v2\/types\/post"}],"author":[{"embeddable":true,"href":"https:\/\/blog.cancaonova.com\/brasilia\/wp-json\/wp\/v2\/users\/1361"}],"replies":[{"embeddable":true,"href":"https:\/\/blog.cancaonova.com\/brasilia\/wp-json\/wp\/v2\/comments?post=5058"}],"version-history":[{"count":4,"href":"https:\/\/blog.cancaonova.com\/brasilia\/wp-json\/wp\/v2\/posts\/5058\/revisions"}],"predecessor-version":[{"id":5063,"href":"https:\/\/blog.cancaonova.com\/brasilia\/wp-json\/wp\/v2\/posts\/5058\/revisions\/5063"}],"wp:attachment":[{"href":"https:\/\/blog.cancaonova.com\/brasilia\/wp-json\/wp\/v2\/media?parent=5058"}],"wp:term":[{"taxonomy":"category","embeddable":true,"href":"https:\/\/blog.cancaonova.com\/brasilia\/wp-json\/wp\/v2\/categories?post=5058"},{"taxonomy":"post_tag","embeddable":true,"href":"https:\/\/blog.cancaonova.com\/brasilia\/wp-json\/wp\/v2\/tags?post=5058"}],"curies":[{"name":"wp","href":"https:\/\/api.w.org\/{rel}","templated":true}]}}