{"id":5068,"date":"2009-03-31T16:24:57","date_gmt":"2009-03-31T19:24:57","guid":{"rendered":"http:\/\/blog.cancaonova.com\/brasilia\/?p=5068"},"modified":"2009-03-31T16:24:57","modified_gmt":"2009-03-31T19:24:57","slug":"semana-santa-e-na-cancao-nova-viaje-conosco","status":"publish","type":"post","link":"https:\/\/blog.cancaonova.com\/brasilia\/semana-santa-e-na-cancao-nova-viaje-conosco\/","title":{"rendered":"Semana Santa \u00e9 na Can\u00e7\u00e3o Nova! Viaje conosco!"},"content":{"rendered":"<p style=\"text-align: center\"><strong><span style=\"color: #ff0000\">Voc\u00ea n\u00e3o pode ficar de fora!!!!!<\/span><\/strong><\/p>\n<p style=\"text-align: center\">Para celebrar o per\u00edodo mais importante da Igreja, a Can\u00e7\u00e3o Nova realiza, de <strong>9\u00a0a 12 de abril<\/strong>, o Acampamento da Semana Santa. Com o tema <strong>\u201cJesus Cristo, o mesmo ontem, hoje e sempre\u201d<\/strong>, o evento acontece na sede da comunidade <strong>Can\u00e7\u00e3o Nova, em Cachoeira Paulista (SP). <\/strong><\/p>\n<p style=\"text-align: center\">Al\u00e9m de prega\u00e7\u00f5es, Santas Missas, adora\u00e7\u00f5es e muito louvor, o encontro tamb\u00e9m vai contar\u00a0com a tradicional e emocionante encena\u00e7\u00e3o da Paix\u00e3o de Cristo, produzida pelos mission\u00e1rios desta obra de evangeliza\u00e7\u00e3o.<\/p>\n<p style=\"text-align: center\"><object width=\"480\" height=\"385\"><param name=\"movie\" value=\"http:\/\/www.youtube.com\/v\/C7BIkNKsBY0\"><\/param><param name=\"allowFullScreen\" value=\"true\"><\/param><param name=\"allowscriptaccess\" value=\"always\"><\/param><embed src=\"http:\/\/www.youtube.com\/v\/C7BIkNKsBY0\" type=\"application\/x-shockwave-flash\" allowscriptaccess=\"always\" allowfullscreen=\"true\" width=\"480\" height=\"385\"><\/embed><\/object>\n<\/p>\n<p style=\"text-align: center\"><strong><span style=\"color: #ff0000\">Ainda tem lugar\u00a0pra VOC\u00ca\u00a0ir conosco\u00a0PARA A SEMANA SANTA EM CACHOEIRA PAULISTA!<\/span><\/strong><\/p>\n<p style=\"text-align: center\"><span style=\"color: #000000\">Mais informa\u00e7\u00f5es pelo telefone:<\/span><\/p>\n<p style=\"text-align: center\"><a href=\"http:\/\/blog.cancaonova.com\/brasilia\/files\/2008\/11\/fone.jpg\"><img loading=\"lazy\" decoding=\"async\" class=\"aligncenter size-full wp-image-4393\" src=\"http:\/\/blog.cancaonova.com\/brasilia\/files\/2008\/11\/fone.jpg\" alt=\"\" width=\"450\" height=\"129\" \/><\/a><\/p>\n<p style=\"text-align: left\"><a href=\"http:\/\/blog.cancaonova.com\/brasilia\/2009\/03\/23\/semana-santa-na-cancao-nova-nao-fique-de-fora\/\" target=\"_blank\"><strong>.: DETALHES DA EXCURS\u00c3O;<\/strong><\/a><\/p>\n<p style=\"text-align: left\"><a href=\"http:\/\/blog.cancaonova.com\/radiodf\/2009\/03\/30\/embarque-nessa-semana-santa-na-cancao-nova\/\" target=\"_blank\"><strong>.: CONCORRA A UMA VAGA PARA A EXCURS\u00c3O &#8211; PROMO\u00c7\u00c3O 89,1 FM<\/strong><\/a><\/p>\n","protected":false},"excerpt":{"rendered":"<p>Voc\u00ea n\u00e3o pode ficar de fora!!!!! Para celebrar o per\u00edodo mais importante da Igreja, a Can\u00e7\u00e3o Nova realiza, de 9\u00a0a 12 de abril, o Acampamento da Semana Santa. Com o tema \u201cJesus Cristo, o mesmo ontem, hoje e sempre\u201d, o&#8230;<\/p>\n","protected":false},"author":1361,"featured_media":0,"comment_status":"open","ping_status":"open","sticky":false,"template":"","format":"standard","meta":{"_mi_skip_tracking":false,"_monsterinsights_sitenote_active":false,"_monsterinsights_sitenote_note":"","_monsterinsights_sitenote_category":0,"footnotes":""},"categories":[10341,13491],"tags":[],"_links":{"self":[{"href":"https:\/\/blog.cancaonova.com\/brasilia\/wp-json\/wp\/v2\/posts\/5068"}],"collection":[{"href":"https:\/\/blog.cancaonova.com\/brasilia\/wp-json\/wp\/v2\/posts"}],"about":[{"href":"https:\/\/blog.cancaonova.com\/brasilia\/wp-json\/wp\/v2\/types\/post"}],"author":[{"embeddable":true,"href":"https:\/\/blog.cancaonova.com\/brasilia\/wp-json\/wp\/v2\/users\/1361"}],"replies":[{"embeddable":true,"href":"https:\/\/blog.cancaonova.com\/brasilia\/wp-json\/wp\/v2\/comments?post=5068"}],"version-history":[{"count":5,"href":"https:\/\/blog.cancaonova.com\/brasilia\/wp-json\/wp\/v2\/posts\/5068\/revisions"}],"predecessor-version":[{"id":5073,"href":"https:\/\/blog.cancaonova.com\/brasilia\/wp-json\/wp\/v2\/posts\/5068\/revisions\/5073"}],"wp:attachment":[{"href":"https:\/\/blog.cancaonova.com\/brasilia\/wp-json\/wp\/v2\/media?parent=5068"}],"wp:term":[{"taxonomy":"category","embeddable":true,"href":"https:\/\/blog.cancaonova.com\/brasilia\/wp-json\/wp\/v2\/categories?post=5068"},{"taxonomy":"post_tag","embeddable":true,"href":"https:\/\/blog.cancaonova.com\/brasilia\/wp-json\/wp\/v2\/tags?post=5068"}],"curies":[{"name":"wp","href":"https:\/\/api.w.org\/{rel}","templated":true}]}}