{"id":5092,"date":"2009-04-02T16:20:50","date_gmt":"2009-04-02T19:20:50","guid":{"rendered":"http:\/\/blog.cancaonova.com\/brasilia\/?p=5092"},"modified":"2009-04-02T16:20:50","modified_gmt":"2009-04-02T19:20:50","slug":"joao-paulo-ii-4-anos-de-eternidade","status":"publish","type":"post","link":"https:\/\/blog.cancaonova.com\/brasilia\/joao-paulo-ii-4-anos-de-eternidade\/","title":{"rendered":"Jo\u00e3o Paulo II, 4 anos de eternidade"},"content":{"rendered":"<p style=\"text-align: justify\">Na tarde desta <strong>quinta-feira, 2 de abril, Bento XVI<\/strong> presidiu, na Bas\u00edlica de S. Pedro, a uma <strong>Santa Missa, por ocasi\u00e3o do quarto anivers\u00e1rio de morte de Jo\u00e3o Paulo II. <\/strong><\/p>\n<p style=\"text-align: justify\">Na homilia, interrompida por in\u00fameras salvas de palmas, <strong>Bento XVI falou de Jo\u00e3o Paulo II como entusiasta defensor de Cristo: <\/strong><span style=\"color: #ff6600\"><span style=\"color: #993300\">&#8220;Por Ele, n\u00e3o hesitou em gastar todas as energias a fim de difundir luz a todos os lugares, nunca cansou de difundir o seu amor. Desde o in\u00edcio do pontificado at\u00e9 o dia 2 de abril de 2005, n\u00e3o teve medo de proclamar, a todos e sempre, que somente Jesus \u00e9 o Salvador e o verdadeiro Libertador do homem e de todo o homem&#8221;.<\/span><br \/>\n<\/span><br \/>\nDirigindo-se aos in\u00fameros jovens presentes na celebra\u00e7\u00e3o, o Papa recordou que Jo\u00e3o <strong>Paulo II, nos anos do seu longo pontificado, gerou muitos filhos e filhas \u00e0 f\u00e9. &#8220;Quantos jovens se converteram ou perseveraram em seu caminho crist\u00e3o gra\u00e7as \u00e0 ora\u00e7\u00e3o, ao encorajamento, ao amparo e ao exemplo&#8221; de Jo\u00e3o Paulo II<\/strong> \u2013 disse o pont\u00edfice:<strong> &#8220;\u00c9 verdade! Jo\u00e3o Paulo II conseguia comunicar uma forte carga de esperan\u00e7a, fundada na f\u00e9 em Jesus Cristo. (\u2026) Como pai afetuoso e atento educador, indicava seguros e firmes pontos de refer\u00eancia indispens\u00e1veis para todos, de modo especial para a juventude.&#8221;<\/strong><\/p>\n<p><em><a href=\"http:\/\/noticias.cancaonova.com\/noticia.php?id=272653\" target=\"_blank\">.: confira as principais partes da Hom\u00edlia;<\/a><\/em><\/p>\n<p style=\"text-align: center\"><object width=\"480\" height=\"385\"><param name=\"movie\" value=\"http:\/\/www.youtube.com\/v\/M_libvGr29s\"><\/param><param name=\"allowFullScreen\" value=\"true\"><\/param><param name=\"allowscriptaccess\" value=\"always\"><\/param><embed src=\"http:\/\/www.youtube.com\/v\/M_libvGr29s\" type=\"application\/x-shockwave-flash\" allowscriptaccess=\"always\" allowfullscreen=\"true\" width=\"480\" height=\"385\"><\/embed><\/object>\n<\/p>\n<p>Para n\u00f3s, que somos Gera\u00e7\u00e3o Jo\u00e3o Paulo II, temos o dever de ser a voz dele, que no final de sua vida j\u00e1 n\u00e3o conseguia se expressar: &#8220;V\u00f3s deveis ser o canto novo, com a vossa pr\u00f3pria vida!!!&#8221; (Santo Agostinho)<\/p>\n<p><strong>Servo de Deus Jo\u00e3o Paulo II, rogai por n\u00f3s!<\/strong><\/p>\n<p><a href=\"http:\/\/noticias.cancaonova.com\/noticia.php?id=272650\" target=\"_blank\">.: Saiba como est\u00e1 o processo de beatifica\u00e7\u00e3o de Jo\u00e3o Paulo II<\/a><\/p>\n<p><a href=\"http:\/\/www.cancaonova.com\/portal\/canais\/especial\/jp2004\/\" target=\"_blank\">.: Site especial de Jo\u00e3o Paulo II<\/a><\/p>\n<p><a href=\"http:\/\/www.vatican.va\/holy_father\/john_paul_ii\/index_po.htm\" target=\"_blank\">.: Escritos de Jo\u00e3o Paulo II (Cartas Enc\u00edclicas, hom\u00edlias, Constitui\u00e7\u00f5es Apost\u00f3licas&#8230;)<\/a><\/p>\n","protected":false},"excerpt":{"rendered":"<p>Na tarde desta quinta-feira, 2 de abril, Bento XVI presidiu, na Bas\u00edlica de S. Pedro, a uma Santa Missa, por ocasi\u00e3o do quarto anivers\u00e1rio de morte de Jo\u00e3o Paulo II. Na homilia, interrompida por in\u00fameras salvas de palmas, Bento XVI&#8230;<\/p>\n","protected":false},"author":1361,"featured_media":0,"comment_status":"open","ping_status":"open","sticky":false,"template":"","format":"standard","meta":{"_mi_skip_tracking":false,"_monsterinsights_sitenote_active":false,"_monsterinsights_sitenote_note":"","_monsterinsights_sitenote_category":0,"footnotes":""},"categories":[32],"tags":[],"_links":{"self":[{"href":"https:\/\/blog.cancaonova.com\/brasilia\/wp-json\/wp\/v2\/posts\/5092"}],"collection":[{"href":"https:\/\/blog.cancaonova.com\/brasilia\/wp-json\/wp\/v2\/posts"}],"about":[{"href":"https:\/\/blog.cancaonova.com\/brasilia\/wp-json\/wp\/v2\/types\/post"}],"author":[{"embeddable":true,"href":"https:\/\/blog.cancaonova.com\/brasilia\/wp-json\/wp\/v2\/users\/1361"}],"replies":[{"embeddable":true,"href":"https:\/\/blog.cancaonova.com\/brasilia\/wp-json\/wp\/v2\/comments?post=5092"}],"version-history":[{"count":3,"href":"https:\/\/blog.cancaonova.com\/brasilia\/wp-json\/wp\/v2\/posts\/5092\/revisions"}],"predecessor-version":[{"id":5095,"href":"https:\/\/blog.cancaonova.com\/brasilia\/wp-json\/wp\/v2\/posts\/5092\/revisions\/5095"}],"wp:attachment":[{"href":"https:\/\/blog.cancaonova.com\/brasilia\/wp-json\/wp\/v2\/media?parent=5092"}],"wp:term":[{"taxonomy":"category","embeddable":true,"href":"https:\/\/blog.cancaonova.com\/brasilia\/wp-json\/wp\/v2\/categories?post=5092"},{"taxonomy":"post_tag","embeddable":true,"href":"https:\/\/blog.cancaonova.com\/brasilia\/wp-json\/wp\/v2\/tags?post=5092"}],"curies":[{"name":"wp","href":"https:\/\/api.w.org\/{rel}","templated":true}]}}