{"id":5099,"date":"2009-04-06T09:55:13","date_gmt":"2009-04-06T12:55:13","guid":{"rendered":"http:\/\/blog.cancaonova.com\/brasilia\/?p=5099"},"modified":"2009-04-06T09:56:14","modified_gmt":"2009-04-06T12:56:14","slug":"semana-santa-a-semana-maior","status":"publish","type":"post","link":"https:\/\/blog.cancaonova.com\/brasilia\/semana-santa-a-semana-maior\/","title":{"rendered":"Semana Santa, a Semana Maior"},"content":{"rendered":"<p style=\"text-align: center\"><a href=\"http:\/\/blog.cancaonova.com\/brasilia\/files\/2009\/04\/75-passion_of_the_christ.jpg\"><img loading=\"lazy\" decoding=\"async\" class=\"size-full wp-image-5101  aligncenter\" src=\"http:\/\/blog.cancaonova.com\/brasilia\/files\/2009\/04\/75-passion_of_the_christ.jpg\" alt=\"\" width=\"500\" height=\"149\" \/><\/a><\/p>\n<p style=\"text-align: justify\">O <strong>maior acontecimento da Hist\u00f3ria da humanidade \u00e9 a Encarna\u00e7\u00e3o, Vida, Paix\u00e3o, Morte e Ressurrei\u00e7\u00e3o de Jesus Cristo<\/strong>, <strong>o Filho de Deus feito homem<\/strong>. Nada neste mundo supera a grandiosidade deste acontecimento. Os grandes homens e as grandes mulheres, sobretudo os Santos e Santas se debru\u00e7aram sobre este acontecimento e dele tiraram a raz\u00e3o de ser de suas vidas.\u00a0\u00a0<\/p>\n<p style=\"text-align: justify\">A Semana Santa celebra todos os anos este Acontecimento inef\u00e1vel: a Paix\u00e3o, Morte e Ressurrei\u00e7\u00e3o de Jesus Cristo para a salva\u00e7\u00e3o da humanidade; para o seu resgate das m\u00e3os do dem\u00f4nio, e a sua transfer\u00eancia para o mundo da luz, para a liberdade dos filhos de Deus. Est\u00e1vamos todos cativos do dem\u00f4nio, que no Para\u00edso tomou posse da humanidade pelo pecado. E com o pecado veio a morte (Rom 6,23). <strong>Mas agora Jesus nos libertou; \u201cpagou o pre\u00e7o do nosso Resgate\u201d. <\/strong><\/p>\n<p style=\"text-align: justify\"><strong>O crist\u00e3o que entendeu tudo isso celebra a Semana Santa com grande alegria e recebe muitas gra\u00e7as!<\/strong>\u00a0 O crist\u00e3o cat\u00f3lico convicto celebra com alegria cada fun\u00e7\u00e3o lit\u00fargica do Tr\u00edduo Pascal e da P\u00e1scoa. Toda a Quaresma nos prepara para celebrar com as disposi\u00e7\u00f5es necess\u00e1rias a Semana Santa.<\/p>\n<p style=\"text-align: justify\"><strong>Celebrar a Semana Santa \u00e9 celebrar a vida, a vit\u00f3ria para sempre!<\/strong> <strong>\u00c9 recome\u00e7ar uma vida nova, longe do pecado e em comunh\u00e3o mais intima com Deus<\/strong>. \u00a0Diante de um mundo carente de esperan\u00e7a, que desanima da vida porque n\u00e3o conhece a sua beleza, celebrar <strong>a Semana Santa \u00e9 fortalecer a esperan\u00e7a que d\u00e1 a vida<\/strong>.\u00a0 O Papa Bento XVI disse em sua enc\u00edclica \u201cSpe Salvi\u201d, que sem Deus n\u00e3o h\u00e1 esperan\u00e7a; e sem esperan\u00e7a n\u00e3o h\u00e1 vida.\u00a0<\/p>\n<p style=\"text-align: justify\"><strong><span style=\"color: #ff0000\">Esta \u00e9 a Semana Santa que o mundo precisa celebrar para vencer seus males, suas tristezas, suas desesperan\u00e7as!<\/span><\/strong><\/p>\n<p style=\"text-align: justify\">Adoremos a Paix\u00e3o de Nosso Senhor Jesus Cristo!<\/p>\n<p style=\"text-align: center\"><object width=\"480\" height=\"385\"><param name=\"movie\" value=\"http:\/\/www.youtube.com\/v\/cc6imR27g1M\"><\/param><param name=\"allowFullScreen\" value=\"true\"><\/param><param name=\"allowscriptaccess\" value=\"always\"><\/param><embed src=\"http:\/\/www.youtube.com\/v\/cc6imR27g1M\" type=\"application\/x-shockwave-flash\" allowscriptaccess=\"always\" allowfullscreen=\"true\" width=\"480\" height=\"385\"><\/embed><\/object><\/p>\n","protected":false},"excerpt":{"rendered":"<p>O maior acontecimento da Hist\u00f3ria da humanidade \u00e9 a Encarna\u00e7\u00e3o, Vida, Paix\u00e3o, Morte e Ressurrei\u00e7\u00e3o de Jesus Cristo, o Filho de Deus feito homem. Nada neste mundo supera a grandiosidade deste acontecimento. Os grandes homens e as grandes mulheres, sobretudo&#8230;<\/p>\n","protected":false},"author":1361,"featured_media":0,"comment_status":"open","ping_status":"open","sticky":false,"template":"","format":"standard","meta":{"_mi_skip_tracking":false,"_monsterinsights_sitenote_active":false,"_monsterinsights_sitenote_note":"","_monsterinsights_sitenote_category":0,"footnotes":""},"categories":[23],"tags":[],"_links":{"self":[{"href":"https:\/\/blog.cancaonova.com\/brasilia\/wp-json\/wp\/v2\/posts\/5099"}],"collection":[{"href":"https:\/\/blog.cancaonova.com\/brasilia\/wp-json\/wp\/v2\/posts"}],"about":[{"href":"https:\/\/blog.cancaonova.com\/brasilia\/wp-json\/wp\/v2\/types\/post"}],"author":[{"embeddable":true,"href":"https:\/\/blog.cancaonova.com\/brasilia\/wp-json\/wp\/v2\/users\/1361"}],"replies":[{"embeddable":true,"href":"https:\/\/blog.cancaonova.com\/brasilia\/wp-json\/wp\/v2\/comments?post=5099"}],"version-history":[{"count":4,"href":"https:\/\/blog.cancaonova.com\/brasilia\/wp-json\/wp\/v2\/posts\/5099\/revisions"}],"predecessor-version":[{"id":5104,"href":"https:\/\/blog.cancaonova.com\/brasilia\/wp-json\/wp\/v2\/posts\/5099\/revisions\/5104"}],"wp:attachment":[{"href":"https:\/\/blog.cancaonova.com\/brasilia\/wp-json\/wp\/v2\/media?parent=5099"}],"wp:term":[{"taxonomy":"category","embeddable":true,"href":"https:\/\/blog.cancaonova.com\/brasilia\/wp-json\/wp\/v2\/categories?post=5099"},{"taxonomy":"post_tag","embeddable":true,"href":"https:\/\/blog.cancaonova.com\/brasilia\/wp-json\/wp\/v2\/tags?post=5099"}],"curies":[{"name":"wp","href":"https:\/\/api.w.org\/{rel}","templated":true}]}}