{"id":5105,"date":"2009-04-07T10:05:12","date_gmt":"2009-04-07T13:05:12","guid":{"rendered":"http:\/\/blog.cancaonova.com\/brasilia\/?p=5105"},"modified":"2009-04-07T11:29:53","modified_gmt":"2009-04-07T14:29:53","slug":"a-santa-missa-e-a-paixao-por-pe-pio","status":"publish","type":"post","link":"https:\/\/blog.cancaonova.com\/brasilia\/a-santa-missa-e-a-paixao-por-pe-pio\/","title":{"rendered":"A Santa Missa e a Paix\u00e3o, por Pe Pio"},"content":{"rendered":"<p><a href=\"http:\/\/blog.cancaonova.com\/brasilia\/files\/2009\/04\/13-passion_of_the_christ.jpg\"><\/a><\/p>\n<p>Do <strong>Sinal da cruz inicial at\u00e9 o Ofert\u00f3rio<\/strong>, \u00e9 preciso ir <strong>encontrar Jesus no Getsemani<\/strong>, \u00e9 preciso seguir Jesus na Sua agonia, sofrendo diante deste &#8220;mar de lama&#8221; do pecado.\u00a0\u00c9 preciso unir-se a Jesus em sua dor de ver que a Palavra do Pai, que Ele veio nos trazer, n\u00e3o \u00e9 recebida pelos homens, nem bem, nem mal. E, a partir desta vis\u00e3o, \u00e9 preciso escutar as <strong>leituras da Missa<\/strong> como sendo dirigidas a n\u00f3s, pessoalmente<\/p>\n<p><img loading=\"lazy\" decoding=\"async\" class=\"size-full wp-image-5106  aligncenter\" src=\"http:\/\/blog.cancaonova.com\/brasilia\/files\/2009\/04\/13-passion_of_the_christ.jpg\" alt=\"\" width=\"480\" height=\"200\" \/><\/p>\n<p><a href=\"http:\/\/blog.cancaonova.com\/brasilia\/files\/2009\/04\/18-passion_of_the_christ.jpg\"><\/a><\/p>\n<p>O <strong>Ofert\u00f3rio<\/strong>: \u00c9 a pris\u00e3o, chegou a hora&#8230;<\/p>\n<p>O <strong>Pref\u00e1cio<\/strong>: \u00c9 o canto de louvor e de agradecimento que Jesus dirige ao Pai, e que Lhe permitiu, enfim, chegar a esta &#8220;Hora&#8221;.<\/p>\n<p><img loading=\"lazy\" decoding=\"async\" class=\"size-full wp-image-5107    aligncenter\" src=\"http:\/\/blog.cancaonova.com\/brasilia\/files\/2009\/04\/18-passion_of_the_christ.jpg\" alt=\"\" width=\"480\" height=\"212\" \/><\/p>\n<p><a href=\"http:\/\/blog.cancaonova.com\/brasilia\/files\/2009\/04\/47-passion_of_the_christ.jpg\"><\/a><\/p>\n<p>Desde o in\u00edcio da <strong>ora\u00e7\u00e3o Eucar\u00edstica at\u00e9 a Consagra\u00e7\u00e3o<\/strong> : N\u00f3s nos unimos (rapidamente!&#8230;) a Jesus em Seu aprisionamento, em Sua atroz flagela\u00e7\u00e3o, na Sua coroa\u00e7\u00e3o de espinhos e Seu caminhar com a cruz nas costas, pelas ruelas de Jerusal\u00e9m e, no &#8220;Memento&#8221;, olhando todos os presentes e aqueles pelos quais rezamos especialmente.<\/p>\n<p><img loading=\"lazy\" decoding=\"async\" class=\"aligncenter size-full wp-image-5108\" src=\"http:\/\/blog.cancaonova.com\/brasilia\/files\/2009\/04\/47-passion_of_the_christ.jpg\" alt=\"\" width=\"480\" height=\"212\" \/><\/p>\n<p><a href=\"http:\/\/blog.cancaonova.com\/brasilia\/files\/2009\/04\/114-passion_of_the_christ.jpg\"><\/a><\/p>\n<p>A <strong>Consagra\u00e7\u00e3o<\/strong> nos d\u00e1 o Corpo entregue agora, o Sangue derramado agora. Misticamente, \u00e9 a pr\u00f3pria crucifix\u00e3o do Senhor. E \u00e9 por isso que Padre Pio sofria atrozmente neste momento da Missa.<\/p>\n<p>N\u00f3s nos un\u00edamos em seguida a Jesus na cruz, oferecendo ao Pai, desde esse instante, o Sacrif\u00edcio Redentor. Este \u00e9 o sentido da ora\u00e7\u00e3o lit\u00fargica que segue imediatamente \u00e0 consagra\u00e7\u00e3o.<\/p>\n<p>&#8220;<strong>Por Cristo com Cristo e em Cristo<\/strong>&#8221; corresponde ao grito de Jesus: <strong>&#8220;Pai, nas Tuas M\u00e3os entrego o Meu Esp\u00edrito!&#8221;<\/strong> Desde ent\u00e3o, o sacrif\u00edcio \u00e9 consumado pelo Cristo e aceito pelo Pai. Daqui por diante, os homens n\u00e3o mais est\u00e3o separados de Deus e se encontram de novo unidos. \u00c9 a raz\u00e3o pela qual, nesse instante, recita-se a ora\u00e7\u00e3o de todos os filhos:<strong> &#8220;Pai Nosso&#8230;&#8221;.<\/strong><\/p>\n<p><img loading=\"lazy\" decoding=\"async\" class=\"aligncenter size-full wp-image-5109\" src=\"http:\/\/blog.cancaonova.com\/brasilia\/files\/2009\/04\/114-passion_of_the_christ.jpg\" alt=\"\" width=\"480\" height=\"212\" \/><\/p>\n<p><strong><a href=\"http:\/\/blog.cancaonova.com\/brasilia\/files\/2009\/04\/128a-passion_of_the_christ.jpg\"><\/a><\/strong><\/p>\n<p><strong>A fra\u00e7\u00e3o da h\u00f3stia indica a Morte de Jesus&#8230;<\/strong><\/p>\n<p>A <strong>Intin\u00e7\u00e3o<\/strong>, instante em que o Padre, tendo partido a h\u00f3stia (s\u00edmbolo da morte&#8230;), deixa cair uma parcela do Corpo de Cristo no c\u00e1lice do Precioso Sangue, marca o momento da <strong>Ressurrei\u00e7\u00e3o<\/strong>, pois o <strong>Corpo e o Sangue est\u00e3o de novo reunidos<\/strong> e \u00e9 ao <strong>Cristo Vivo que vamos comungar<\/strong>. A <strong>Ben\u00e7\u00e3o do Padre<\/strong> marca os fi\u00e9is com a cruz, ao mesmo tempo como um <strong>extraordin\u00e1rio distintivo e como um escudo protetor contra os assaltos do Maligno&#8230;<\/strong><\/p>\n<p><img loading=\"lazy\" decoding=\"async\" class=\"aligncenter size-full wp-image-5110\" src=\"http:\/\/blog.cancaonova.com\/brasilia\/files\/2009\/04\/128a-passion_of_the_christ.jpg\" alt=\"\" width=\"480\" height=\"191\" \/><\/p>\n<p><a href=\"http:\/\/blog.cancaonova.com\/brasilia\/files\/2009\/04\/04-passion_of_the_christ.jpg\"><\/a><\/p>\n<p><strong><span style=\"color: #800000\">E HORA MAIS SUBLIME \u00c9 QUANDO COMUNGAMOS O CORPO E O SANGUE DE NOSSO SENHOR<\/span>, DEIXADO POR N\u00d3S COMO BEBIDA E COMO COMIDA PARA NOS ALIMENTAR, E COMUNGANDO DESSE P\u00c3O QUE VEIO DO C\u00c9U, ESPERAMOS A SUA VINDA DEFINITIVA EM SUA GL\u00d3RIA!<\/strong><\/p>\n<p><img loading=\"lazy\" decoding=\"async\" class=\"aligncenter size-full wp-image-5111\" src=\"http:\/\/blog.cancaonova.com\/brasilia\/files\/2009\/04\/04-passion_of_the_christ.jpg\" alt=\"\" width=\"480\" height=\"226\" \/><\/p>\n<p style=\"text-align: center\"><strong><span style=\"color: #ff0000\">NOS VOS ADORAMOS SENHOR JESUS CRISTO E VOS BENDIZEMOS, PORQUE PELA VOSSA SANTA CRUZ REMISTES O MUNDO&#8230;<\/span><\/strong><\/p>\n","protected":false},"excerpt":{"rendered":"<p>Do Sinal da cruz inicial at\u00e9 o Ofert\u00f3rio, \u00e9 preciso ir encontrar Jesus no Getsemani, \u00e9 preciso seguir Jesus na Sua agonia, sofrendo diante deste &#8220;mar de lama&#8221; do pecado.\u00a0\u00c9 preciso unir-se a Jesus em sua dor de ver que&#8230;<\/p>\n","protected":false},"author":1361,"featured_media":0,"comment_status":"open","ping_status":"open","sticky":false,"template":"","format":"standard","meta":{"_mi_skip_tracking":false,"_monsterinsights_sitenote_active":false,"_monsterinsights_sitenote_note":"","_monsterinsights_sitenote_category":0,"footnotes":""},"categories":[23],"tags":[],"_links":{"self":[{"href":"https:\/\/blog.cancaonova.com\/brasilia\/wp-json\/wp\/v2\/posts\/5105"}],"collection":[{"href":"https:\/\/blog.cancaonova.com\/brasilia\/wp-json\/wp\/v2\/posts"}],"about":[{"href":"https:\/\/blog.cancaonova.com\/brasilia\/wp-json\/wp\/v2\/types\/post"}],"author":[{"embeddable":true,"href":"https:\/\/blog.cancaonova.com\/brasilia\/wp-json\/wp\/v2\/users\/1361"}],"replies":[{"embeddable":true,"href":"https:\/\/blog.cancaonova.com\/brasilia\/wp-json\/wp\/v2\/comments?post=5105"}],"version-history":[{"count":5,"href":"https:\/\/blog.cancaonova.com\/brasilia\/wp-json\/wp\/v2\/posts\/5105\/revisions"}],"predecessor-version":[{"id":5115,"href":"https:\/\/blog.cancaonova.com\/brasilia\/wp-json\/wp\/v2\/posts\/5105\/revisions\/5115"}],"wp:attachment":[{"href":"https:\/\/blog.cancaonova.com\/brasilia\/wp-json\/wp\/v2\/media?parent=5105"}],"wp:term":[{"taxonomy":"category","embeddable":true,"href":"https:\/\/blog.cancaonova.com\/brasilia\/wp-json\/wp\/v2\/categories?post=5105"},{"taxonomy":"post_tag","embeddable":true,"href":"https:\/\/blog.cancaonova.com\/brasilia\/wp-json\/wp\/v2\/tags?post=5105"}],"curies":[{"name":"wp","href":"https:\/\/api.w.org\/{rel}","templated":true}]}}