{"id":5250,"date":"2009-05-04T13:12:11","date_gmt":"2009-05-04T16:12:11","guid":{"rendered":"http:\/\/blog.cancaonova.com\/brasilia\/?p=5250"},"modified":"2009-05-04T13:12:11","modified_gmt":"2009-05-04T16:12:11","slug":"excursao-cancao-nova-phn-vida-nova","status":"publish","type":"post","link":"https:\/\/blog.cancaonova.com\/brasilia\/excursao-cancao-nova-phn-vida-nova\/","title":{"rendered":"EXCURS\u00c3O + CAN\u00c7\u00c3O NOVA + PHN = VIDA NOVA!!!"},"content":{"rendered":"<p style=\"text-align: center\"><span class=\"mensagem_do_dia-titulo\"><strong><a href=\"http:\/\/blog.cancaonova.com\/brasilia\/files\/2009\/05\/285591672_e6614e7c8d.jpg\"><img loading=\"lazy\" decoding=\"async\" class=\"size-full wp-image-5251  aligncenter\" src=\"http:\/\/blog.cancaonova.com\/brasilia\/files\/2009\/05\/285591672_e6614e7c8d.jpg\" alt=\"\" width=\"500\" height=\"138\" \/><\/a><\/strong><\/span><\/p>\n<p style=\"text-align: left\"><span class=\"mensagem_do_dia-titulo\"><strong>PHN: Vida Nova!<\/strong><\/span><\/p>\n<p>A gera\u00e7\u00e3o PHN \u00e9 feita de gente comum, com erros e pecados&#8230; Talvez com uma vida muito errada como a de Maria Magdala.<\/p>\n<p>O diferencial \u00e9 este: tivemos a gra\u00e7a de um encontro pessoal com Jesus. Dessa forma, o Senhor deixa de ser simplesmente um vulto hist\u00f3rico, algu\u00e9m que viveu no passado e de quem recordamos os acontecimentos. Ele irrompe na nossa vida e se torna vivo, presente no nosso dia-a-dia. \u00c9 algo totalmente novo. Se voc\u00ea j\u00e1 teve a gra\u00e7a desse encontro pessoal com Jesus, sabe do que estou falando. Se isso ainda n\u00e3o aconteceu, saiba: mais do que voc\u00ea, \u00e9 o pr\u00f3prio Jesus que quer lhe dar a gra\u00e7a desse encontro pessoal com Ele. \u00c9 uma experi\u00eancia \u00fanica. A gente lembra at\u00e9 a hora e o lugar.<\/p>\n<p>Acontece conosco o que aconteceu com Maria Madalena. O nosso passado fica para tr\u00e1s. E n\u00f3s come\u00e7amos uma vida nova. Rompemos com preconceitos e no meio dessa nova sociedade t\u00e3o longe de Deus e t\u00e3o contr\u00e1ria aos valores do Evangelho nos tornamos disc\u00edpulos do Senhor do jeitinho dessa grande mulher de Deus [Maria Madalena].<\/p>\n<p>Este \u00e9 outro diferencial: a gera\u00e7\u00e3o PHN rompe com padr\u00f5es e, em plena p\u00f3s-modernidade, entra na aventura de ser disc\u00edpulo de Jesus Cristo.<\/p>\n<p>Bem-vindo \u00e0 gera\u00e7\u00e3o PHN! Aqui voc\u00ea \u00e9 convidado a reaprender tudo. A ver a vida, o mundo e os acontecimentos sob uma nova \u00f3tica: a vis\u00e3o do Evangelho. A gente volta a ser crian\u00e7a e aprende de novo a andar, a caminhar com passos novos, na vida do Evangelho. \u00c9 um verdadeiro recome\u00e7ar. Nova vis\u00e3o! Nova vida! Venha! N\u00e3o tenha medo. Vamos come\u00e7ar tudo de novo. Na gera\u00e7\u00e3o PHN \u00e9 assim!<\/p>\n<p>Seu irm\u00e3o,<\/p>\n<p><strong>Monsenhor Jonas Abib<\/strong><\/p>\n<p style=\"text-align: center\"><strong>*************<\/strong><\/p>\n<p class=\"mensagem_do_dia-texto\"><strong>VOC\u00ca QUER CONHECER MAIS SOBRE O PHN? VIAJE CONOSCO PARA A CAN\u00c7\u00c3O NOVA EM JULHO E EXPERIMENTE ESSA GRA\u00c7A DIRETAMENTE DA FONTE!!! <\/strong><\/p>\n<p class=\"mensagem_do_dia-texto\"><strong><a href=\"http:\/\/blog.cancaonova.com\/brasilia\/2009\/04\/28\/viaje-conosco-para-o-acampamento-phn\/\" target=\"_blank\"><span style=\"color: #ff0000\">.: CLIQUE AQUI E SAIBA MAIS SOBRE A EXCURS\u00c3O<\/span><\/a><\/strong><\/p>\n","protected":false},"excerpt":{"rendered":"<p>PHN: Vida Nova! A gera\u00e7\u00e3o PHN \u00e9 feita de gente comum, com erros e pecados&#8230; Talvez com uma vida muito errada como a de Maria Magdala. O diferencial \u00e9 este: tivemos a gra\u00e7a de um encontro pessoal com Jesus. Dessa&#8230;<\/p>\n","protected":false},"author":1361,"featured_media":0,"comment_status":"open","ping_status":"open","sticky":false,"template":"","format":"standard","meta":{"_mi_skip_tracking":false,"_monsterinsights_sitenote_active":false,"_monsterinsights_sitenote_note":"","_monsterinsights_sitenote_category":0,"footnotes":""},"categories":[13491],"tags":[],"_links":{"self":[{"href":"https:\/\/blog.cancaonova.com\/brasilia\/wp-json\/wp\/v2\/posts\/5250"}],"collection":[{"href":"https:\/\/blog.cancaonova.com\/brasilia\/wp-json\/wp\/v2\/posts"}],"about":[{"href":"https:\/\/blog.cancaonova.com\/brasilia\/wp-json\/wp\/v2\/types\/post"}],"author":[{"embeddable":true,"href":"https:\/\/blog.cancaonova.com\/brasilia\/wp-json\/wp\/v2\/users\/1361"}],"replies":[{"embeddable":true,"href":"https:\/\/blog.cancaonova.com\/brasilia\/wp-json\/wp\/v2\/comments?post=5250"}],"version-history":[{"count":2,"href":"https:\/\/blog.cancaonova.com\/brasilia\/wp-json\/wp\/v2\/posts\/5250\/revisions"}],"predecessor-version":[{"id":5253,"href":"https:\/\/blog.cancaonova.com\/brasilia\/wp-json\/wp\/v2\/posts\/5250\/revisions\/5253"}],"wp:attachment":[{"href":"https:\/\/blog.cancaonova.com\/brasilia\/wp-json\/wp\/v2\/media?parent=5250"}],"wp:term":[{"taxonomy":"category","embeddable":true,"href":"https:\/\/blog.cancaonova.com\/brasilia\/wp-json\/wp\/v2\/categories?post=5250"},{"taxonomy":"post_tag","embeddable":true,"href":"https:\/\/blog.cancaonova.com\/brasilia\/wp-json\/wp\/v2\/tags?post=5250"}],"curies":[{"name":"wp","href":"https:\/\/api.w.org\/{rel}","templated":true}]}}