{"id":5290,"date":"2009-05-13T10:16:32","date_gmt":"2009-05-13T13:16:32","guid":{"rendered":"http:\/\/blog.cancaonova.com\/brasilia\/?p=5290"},"modified":"2009-05-13T10:35:56","modified_gmt":"2009-05-13T13:35:56","slug":"ave-ave-ave-maria-virgem-de-fatima-rogai-por-nos","status":"publish","type":"post","link":"https:\/\/blog.cancaonova.com\/brasilia\/ave-ave-ave-maria-virgem-de-fatima-rogai-por-nos\/","title":{"rendered":"Ave, Ave, Ave-Maria... Virgem de F\u00e1tima, rogai por n\u00f3s!"},"content":{"rendered":"<p style=\"text-align: center\"><strong><a href=\"http:\/\/blog.cancaonova.com\/brasilia\/files\/2009\/05\/fatima.jpg\"><img loading=\"lazy\" decoding=\"async\" class=\"aligncenter size-full wp-image-5292\" src=\"http:\/\/blog.cancaonova.com\/brasilia\/files\/2009\/05\/fatima.jpg\" alt=\"\" width=\"480\" height=\"144\" \/><\/a><\/strong><\/p>\n<p style=\"text-align: center\"><strong>&#8220;Maria em nossa vida&#8230; Maria \u00e9 uma presen\u00e7a discreta, mas muito real em nossa vida de oper\u00e1rios de Deus&#8221;<\/strong><\/p>\n<p>Quem disse que o que \u00e9 invis\u00edvel n\u00e3o \u00e9 real?! N\u00f3s que trabalhamos com os meios de comunica\u00e7\u00e3o, somos mais que conhecedores disso. As ondas de r\u00e1dio e televis\u00e3o est\u00e3o a\u00ed, n\u00e3o sentimos, n\u00e3o apalpamos, n\u00e3o vemos, mas s\u00e3o reais!! Assim \u00e9 a presen\u00e7a de Nossa Senhora em nossa vida. Ela n\u00e3o faz quest\u00e3o de aparecer, mas n\u00f3s a sentimos em toda parte (&#8230;)<\/p>\n<p>(&#8230;) Se voc\u00ea est\u00e1 preocupado, fale com Nossa Senhora sobre as coisas que lhe s\u00e3o mais \u00edntimas, Ela n\u00e3o inibir\u00e1 voc\u00ea, Ela nos v\u00ea por dentro, v\u00ea os nossos pensamentos e sentimentos mais ocultos (&#8230;) podemos n\u00e3o entender mas Ela entende tudo que ocorre em nosso interior (&#8230;)<\/p>\n<p>(&#8230;) Nossa Senhora \u00e9 uma aliada maravilhosa para nossa cura interior (&#8230;) Temos a certeza de que Ela se p\u00f5e a nosso lado, se posiciona ao nosso favor para nos fazer novos a partir do que somos, sem destruir o que somos, mesmo que voc\u00ea seja muito &#8216;ruim&#8217; Ela \u00e9 capaz de come\u00e7ar tudo, sem destruir aquilo que voc\u00ea \u00e9 (&#8230;)<\/p>\n<p>(&#8230;) Ela sabe como fazer. Ela possui o segredo. N\u00f3s s\u00f3 precisamos nos entregar.<\/p>\n<p style=\"text-align: right\"><em><strong>Monsenhor Jonas Abib<\/strong><\/em><\/p>\n<p>Que pelas m\u00e3os da Virgem de F\u00e1tima, se inicie em sua vida um tempo novo!!!!! Acredite nossa Senhora \u00e9 M\u00e3e e cuida de n\u00f3s!!<\/p>\n<p><strong><span style=\"color: #993300\"><a href=\"http:\/\/blog.cancaonova.com\/brasilia\/files\/2009\/05\/virgemfatima.jpg\" target=\"_blank\">.: CLIQUE AQUI E BAIXE UM LINDO PAPEL DE PAREDE DE NOSSA SENHORA DE F\u00c1TIMA<\/a><\/span><\/strong><\/p>\n<p><a href=\"http:\/\/www.fatima.com.br\/index.asp\" target=\"_blank\"><strong><span style=\"color: #993300\">.: SITE OFICIAL DE NOSSA SENHORA DE F\u00c1TIMA (portugu\u00eas)<\/span><\/strong><\/a><\/p>\n<p><a href=\"http:\/\/www.santuario-fatima.pt\/portal\/\" target=\"_blank\"><strong><span style=\"color: #993300\">.: SITE OFICIAL DO SANTU\u00c1RIO DE F\u00c1TIMA<\/span><\/strong><\/a>\u00a0<\/p>\n<p><a href=\"http:\/\/blog.cancaonova.com\/tvpt\/\" target=\"_blank\"><span style=\"color: #993300\"><strong>.: BLOG DA MISS\u00c3O CAN\u00c7\u00c3O NOVA EM PORTUGAL<\/strong>\u00a0<\/span><\/a><\/p>\n","protected":false},"excerpt":{"rendered":"<p>&#8220;Maria em nossa vida&#8230; Maria \u00e9 uma presen\u00e7a discreta, mas muito real em nossa vida de oper\u00e1rios de Deus&#8221; Quem disse que o que \u00e9 invis\u00edvel n\u00e3o \u00e9 real?! N\u00f3s que trabalhamos com os meios de comunica\u00e7\u00e3o, somos mais que&#8230;<\/p>\n","protected":false},"author":1361,"featured_media":0,"comment_status":"open","ping_status":"open","sticky":false,"template":"","format":"standard","meta":{"_mi_skip_tracking":false,"_monsterinsights_sitenote_active":false,"_monsterinsights_sitenote_note":"","_monsterinsights_sitenote_category":0,"footnotes":""},"categories":[23],"tags":[],"_links":{"self":[{"href":"https:\/\/blog.cancaonova.com\/brasilia\/wp-json\/wp\/v2\/posts\/5290"}],"collection":[{"href":"https:\/\/blog.cancaonova.com\/brasilia\/wp-json\/wp\/v2\/posts"}],"about":[{"href":"https:\/\/blog.cancaonova.com\/brasilia\/wp-json\/wp\/v2\/types\/post"}],"author":[{"embeddable":true,"href":"https:\/\/blog.cancaonova.com\/brasilia\/wp-json\/wp\/v2\/users\/1361"}],"replies":[{"embeddable":true,"href":"https:\/\/blog.cancaonova.com\/brasilia\/wp-json\/wp\/v2\/comments?post=5290"}],"version-history":[{"count":4,"href":"https:\/\/blog.cancaonova.com\/brasilia\/wp-json\/wp\/v2\/posts\/5290\/revisions"}],"predecessor-version":[{"id":5296,"href":"https:\/\/blog.cancaonova.com\/brasilia\/wp-json\/wp\/v2\/posts\/5290\/revisions\/5296"}],"wp:attachment":[{"href":"https:\/\/blog.cancaonova.com\/brasilia\/wp-json\/wp\/v2\/media?parent=5290"}],"wp:term":[{"taxonomy":"category","embeddable":true,"href":"https:\/\/blog.cancaonova.com\/brasilia\/wp-json\/wp\/v2\/categories?post=5290"},{"taxonomy":"post_tag","embeddable":true,"href":"https:\/\/blog.cancaonova.com\/brasilia\/wp-json\/wp\/v2\/tags?post=5290"}],"curies":[{"name":"wp","href":"https:\/\/api.w.org\/{rel}","templated":true}]}}