{"id":5297,"date":"2009-05-13T15:27:44","date_gmt":"2009-05-13T18:27:44","guid":{"rendered":"http:\/\/blog.cancaonova.com\/brasilia\/?p=5297"},"modified":"2009-05-13T15:39:41","modified_gmt":"2009-05-13T18:39:41","slug":"lancamento-na-loja-da-cancao-nova-dvd-pe-fabio-de-melo-eu-e-o-tempo","status":"publish","type":"post","link":"https:\/\/blog.cancaonova.com\/brasilia\/lancamento-na-loja-da-cancao-nova-dvd-pe-fabio-de-melo-eu-e-o-tempo\/","title":{"rendered":"J\u00c1 NA LOJA DA CAN\u00c7\u00c3O NOVA: DVD PE F\u00c1BIO DE MELO \"EU E O TEMPO\""},"content":{"rendered":"<p style=\"text-align: center\"><object width=\"480\" height=\"385\"><param name=\"movie\" value=\"http:\/\/www.youtube.com\/v\/Q0UhYzXVa1E\"><\/param><param name=\"allowFullScreen\" value=\"true\"><\/param><param name=\"allowscriptaccess\" value=\"always\"><\/param><embed src=\"http:\/\/www.youtube.com\/v\/Q0UhYzXVa1E\" type=\"application\/x-shockwave-flash\" allowscriptaccess=\"always\" allowfullscreen=\"true\" width=\"480\" height=\"385\"><\/embed><\/object>\n<\/p>\n<p>Eu e o Tempo, 1\u00ba DVD Ao Vivo de Padre F\u00e1bio de Melo, gravado no Canec\u00e3o, em janeiro de 2009. Seu \u00faltimo disco CD Vida foi o mais vendido do ano de 2008 atingindo a marca de mais de 500 mil c\u00f3pias vendidas em tr\u00eas meses. No DVD temos as m\u00fasicas mais conhecidas\u00a0cantadas por Pe. F\u00e1bio de Melo, s\u00e3o elas: &#8220;As Esta\u00e7\u00f5es da Vida&#8221;, &#8220;Tudo \u00e9 do Pai&#8221; e &#8220;Tudo Posso&#8221;, com participa\u00e7\u00e3o especial de Celina Borges.<\/p>\n<p><strong>Faixas:<\/strong><br \/>\n<strong>1. <\/strong>As Esta\u00e7\u00f5es da Vida<br \/>\n<strong>2. <\/strong>Ruah, um Sopro de Vida<br \/>\n<strong>3. <\/strong>Tudo \u00e9 do Pai<br \/>\n<strong>4. <\/strong>Mais Perto<br \/>\n<strong>5. <\/strong>Eu Espero<br \/>\n<strong>6. <\/strong>Todo Homem \u00e9 Bom<br \/>\n<strong>7. <\/strong>Humano Demais<br \/>\n<strong>8. <\/strong>C\u00e2ntico das Criaturas<br \/>\n<strong>9. <\/strong>Deus \u00e9 Pai (Poema)<br \/>\n<strong>10. <\/strong>Pai<br \/>\n<strong>11. <\/strong>Tudo Posso &#8211; Part. Esp.: Celina Borges<br \/>\n<strong>12. <\/strong>Arvoreando<br \/>\n<strong>13. <\/strong>Vida<br \/>\n<strong>14. <\/strong>Mil Vezes Santo<br \/>\n<strong>15. <\/strong>Humano Amor de Deus<\/p>\n<p style=\"text-align: center\"><strong>Esse DVD <span style=\"color: #ff0000\">(por enquanto s\u00f3 temos o DVD)<\/span> e muitos outros lan\u00e7amentos voc\u00ea encontra na Loja Can\u00e7\u00e3o Nova!<\/strong><\/p>\n<p style=\"text-align: center\"><a href=\"http:\/\/blog.cancaonova.com\/brasilia\/files\/2009\/05\/lojacn.jpg\"><img loading=\"lazy\" decoding=\"async\" class=\"aligncenter size-full wp-image-5298\" src=\"http:\/\/blog.cancaonova.com\/brasilia\/files\/2009\/05\/lojacn.jpg\" alt=\"\" width=\"480\" height=\"242\" \/><\/a><\/p>\n","protected":false},"excerpt":{"rendered":"<p>Eu e o Tempo, 1\u00ba DVD Ao Vivo de Padre F\u00e1bio de Melo, gravado no Canec\u00e3o, em janeiro de 2009. Seu \u00faltimo disco CD Vida foi o mais vendido do ano de 2008 atingindo a marca de mais de 500&#8230;<\/p>\n","protected":false},"author":1361,"featured_media":0,"comment_status":"open","ping_status":"open","sticky":false,"template":"","format":"standard","meta":{"_mi_skip_tracking":false,"_monsterinsights_sitenote_active":false,"_monsterinsights_sitenote_note":"","_monsterinsights_sitenote_category":0,"footnotes":""},"categories":[15717],"tags":[],"_links":{"self":[{"href":"https:\/\/blog.cancaonova.com\/brasilia\/wp-json\/wp\/v2\/posts\/5297"}],"collection":[{"href":"https:\/\/blog.cancaonova.com\/brasilia\/wp-json\/wp\/v2\/posts"}],"about":[{"href":"https:\/\/blog.cancaonova.com\/brasilia\/wp-json\/wp\/v2\/types\/post"}],"author":[{"embeddable":true,"href":"https:\/\/blog.cancaonova.com\/brasilia\/wp-json\/wp\/v2\/users\/1361"}],"replies":[{"embeddable":true,"href":"https:\/\/blog.cancaonova.com\/brasilia\/wp-json\/wp\/v2\/comments?post=5297"}],"version-history":[{"count":6,"href":"https:\/\/blog.cancaonova.com\/brasilia\/wp-json\/wp\/v2\/posts\/5297\/revisions"}],"predecessor-version":[{"id":5303,"href":"https:\/\/blog.cancaonova.com\/brasilia\/wp-json\/wp\/v2\/posts\/5297\/revisions\/5303"}],"wp:attachment":[{"href":"https:\/\/blog.cancaonova.com\/brasilia\/wp-json\/wp\/v2\/media?parent=5297"}],"wp:term":[{"taxonomy":"category","embeddable":true,"href":"https:\/\/blog.cancaonova.com\/brasilia\/wp-json\/wp\/v2\/categories?post=5297"},{"taxonomy":"post_tag","embeddable":true,"href":"https:\/\/blog.cancaonova.com\/brasilia\/wp-json\/wp\/v2\/tags?post=5297"}],"curies":[{"name":"wp","href":"https:\/\/api.w.org\/{rel}","templated":true}]}}