{"id":5311,"date":"2009-05-15T15:02:35","date_gmt":"2009-05-15T18:02:35","guid":{"rendered":"http:\/\/blog.cancaonova.com\/brasilia\/?p=5311"},"modified":"2009-05-15T15:02:35","modified_gmt":"2009-05-15T18:02:35","slug":"deus-prove-deus-provera-sua-misericordia-nao-faltara","status":"publish","type":"post","link":"https:\/\/blog.cancaonova.com\/brasilia\/deus-prove-deus-provera-sua-misericordia-nao-faltara\/","title":{"rendered":"Deus Prov\u00ea, Deus Prover\u00e1 sua Miseric\u00f3rdia n\u00e3o faltar\u00e1!"},"content":{"rendered":"<p style=\"text-align: center\"><a href=\"http:\/\/blog.cancaonova.com\/brasilia\/files\/2008\/11\/fone.jpg\"><\/a>Louvamos ao Senhor, que \u00e9 providente e que rege a nossa vida em todos os momentos e situa\u00e7\u00f5es!<\/p>\n<p style=\"text-align: center\">Ontem (14\/05) , infelizmente, n\u00e3o tivemos a Santa Missa do Clube da Evangeliza\u00e7\u00e3o, devido a um imprevisto, mas nada impediu a A\u00e7\u00e3o do Poder de Deus!<\/p>\n<p style=\"text-align: center\">Agradecemos a cada um que esteve presente, que n\u00e3o desanimou,\u00a0pelo contr\u00e1rio, com uma dose dobrada de fervor, de amor e entrega, se lan\u00e7ou e juntos tocamos nas Gra\u00e7as de Deus!!!<\/p>\n<p style=\"text-align: center\"><strong>Confira algumas fotos dessa noite que com certeza ficar\u00e1 marcada em nossos cora\u00e7\u00f5es!!! (clique na foto)<\/strong><\/p>\n<p style=\"text-align: center\"><a href=\"http:\/\/www.flickr.com\/photos\/cndf\" target=\"_blank\"><img loading=\"lazy\" decoding=\"async\" class=\"aligncenter size-full wp-image-5312\" src=\"http:\/\/blog.cancaonova.com\/brasilia\/files\/2009\/05\/adoracao-cn-23-copy.jpg\" alt=\"\" width=\"448\" height=\"298\" \/><\/a><\/p>\n<h1 style=\"text-align: center\">E NESSE FINAL DE SEMANA:<\/h1>\n<p style=\"text-align: center\"><strong><span style=\"color: #ff0000\"><a href=\"http:\/\/blog.cancaonova.com\/brasilia\/files\/2009\/05\/pevagner.jpg\"><img loading=\"lazy\" decoding=\"async\" class=\"aligncenter size-full wp-image-5316\" src=\"http:\/\/blog.cancaonova.com\/brasilia\/files\/2009\/05\/pevagner.jpg\" alt=\"\" width=\"450\" height=\"377\" \/><\/a><\/span><\/strong><\/p>\n<p><strong><a href=\"http:\/\/blog.cancaonova.com\/brasilia\/files\/2009\/05\/mapa-cristo-redentor.jpg\" target=\"_blank\">.: Confira o mapa at\u00e9 a Par\u00f3quia Cristo Redentor<\/a><\/strong><\/p>\n<p><a href=\"http:\/\/blog.cancaonova.com\/brasilia\/files\/2009\/05\/programacao.pdf\" target=\"_blank\"><strong>.: Baixe aqui a programa\u00e7\u00e3o do encontro<\/strong><\/a><\/p>\n<p><strong>Informa\u00e7\u00f5es:<\/strong><\/p>\n<p style=\"text-align: center\"><a href=\"http:\/\/blog.cancaonova.com\/brasilia\/files\/2008\/11\/fone.jpg\"><img loading=\"lazy\" decoding=\"async\" class=\"size-full wp-image-4393 aligncenter\" src=\"http:\/\/blog.cancaonova.com\/brasilia\/files\/2008\/11\/fone.jpg\" alt=\"\" width=\"450\" height=\"129\" \/><\/a><\/p>\n","protected":false},"excerpt":{"rendered":"<p>Louvamos ao Senhor, que \u00e9 providente e que rege a nossa vida em todos os momentos e situa\u00e7\u00f5es! Ontem (14\/05) , infelizmente, n\u00e3o tivemos a Santa Missa do Clube da Evangeliza\u00e7\u00e3o, devido a um imprevisto, mas nada impediu a A\u00e7\u00e3o&#8230;<\/p>\n","protected":false},"author":1361,"featured_media":0,"comment_status":"open","ping_status":"open","sticky":false,"template":"","format":"standard","meta":{"_mi_skip_tracking":false,"_monsterinsights_sitenote_active":false,"_monsterinsights_sitenote_note":"","_monsterinsights_sitenote_category":0,"footnotes":""},"categories":[17360],"tags":[],"_links":{"self":[{"href":"https:\/\/blog.cancaonova.com\/brasilia\/wp-json\/wp\/v2\/posts\/5311"}],"collection":[{"href":"https:\/\/blog.cancaonova.com\/brasilia\/wp-json\/wp\/v2\/posts"}],"about":[{"href":"https:\/\/blog.cancaonova.com\/brasilia\/wp-json\/wp\/v2\/types\/post"}],"author":[{"embeddable":true,"href":"https:\/\/blog.cancaonova.com\/brasilia\/wp-json\/wp\/v2\/users\/1361"}],"replies":[{"embeddable":true,"href":"https:\/\/blog.cancaonova.com\/brasilia\/wp-json\/wp\/v2\/comments?post=5311"}],"version-history":[{"count":4,"href":"https:\/\/blog.cancaonova.com\/brasilia\/wp-json\/wp\/v2\/posts\/5311\/revisions"}],"predecessor-version":[{"id":5319,"href":"https:\/\/blog.cancaonova.com\/brasilia\/wp-json\/wp\/v2\/posts\/5311\/revisions\/5319"}],"wp:attachment":[{"href":"https:\/\/blog.cancaonova.com\/brasilia\/wp-json\/wp\/v2\/media?parent=5311"}],"wp:term":[{"taxonomy":"category","embeddable":true,"href":"https:\/\/blog.cancaonova.com\/brasilia\/wp-json\/wp\/v2\/categories?post=5311"},{"taxonomy":"post_tag","embeddable":true,"href":"https:\/\/blog.cancaonova.com\/brasilia\/wp-json\/wp\/v2\/tags?post=5311"}],"curies":[{"name":"wp","href":"https:\/\/api.w.org\/{rel}","templated":true}]}}