{"id":5338,"date":"2009-05-27T17:02:59","date_gmt":"2009-05-27T20:02:59","guid":{"rendered":"http:\/\/blog.cancaonova.com\/brasilia\/?p=5338"},"modified":"2010-01-29T12:43:54","modified_gmt":"2010-01-29T15:43:54","slug":"pentecostes-com-pe-moacir-anastacio-na-tv-cancao-nova","status":"publish","type":"post","link":"https:\/\/blog.cancaonova.com\/brasilia\/pentecostes-com-pe-moacir-anastacio-na-tv-cancao-nova\/","title":{"rendered":"Pentecostes com Pe Moacir Anast\u00e1cio na TVCN"},"content":{"rendered":"<p style=\"text-align: center\">\u00c9 isso mesmo Fam\u00edlia Can\u00e7\u00e3o Nova, o maior evento paroquial da Am\u00e9rica Latina: <span style=\"color: #ff0000\"><strong>PENTECOSTES<\/strong>,<\/span> realizado todos os anos pela Par\u00f3quia S\u00e3o Pedro, de Taguatinga\/DF, conduzido por <strong><span style=\"color: #ff0000\">PE MOACIR ANAST\u00c1CIO<\/span><\/strong>, ser\u00e1 transmitido pela TV Can\u00e7\u00e3o Nova.<\/p>\n<p style=\"text-align: center\"><strong><span style=\"color: #ff0000\">A\u00a0SANTA MISSA DO S\u00c1BADO &#8211; 30\/05 &#8211; que come\u00e7ar\u00e1 \u00e0s 19h00 ser\u00e1 TRANSMITIDO NA INTEGRA<\/span><\/strong>; \u00a0e na sexta, s\u00e1bado e domingo entraremos com flash&#8217;s na nossa programa\u00e7\u00e3o mostrando um pouquinho do que acontece nesses dias em que milhares de pessoas s\u00e3o atraidas pelo Espirito para um grande Avivamento!<\/p>\n<p style=\"text-align: center\"><object width=\"480\" height=\"385\"><param name=\"movie\" value=\"http:\/\/www.youtube.com\/v\/RnkzitK5rvs\"><\/param><param name=\"allowFullScreen\" value=\"true\"><\/param><param name=\"allowscriptaccess\" value=\"always\"><\/param><embed src=\"http:\/\/www.youtube.com\/v\/RnkzitK5rvs\" type=\"application\/x-shockwave-flash\" allowscriptaccess=\"always\" allowfullscreen=\"true\" width=\"480\" height=\"385\"><\/embed><\/object>\n<\/p>\n<p style=\"text-align: center\">.: confira mais sobre o evento pelo <strong><a href=\"http:\/\/www.paroquiasaopedro.com.br\/new\/\" target=\"_blank\">SITE DA PAR\u00d3QUIA S\u00c3O PEDRO<\/a><\/strong><\/p>\n<p style=\"text-align: center\"><a href=\"http:\/\/blog.cancaonova.com\/brasilia\/files\/2009\/05\/pentecostes-cartaz.jpg\"><img loading=\"lazy\" decoding=\"async\" class=\"aligncenter size-full wp-image-5339\" src=\"http:\/\/blog.cancaonova.com\/brasilia\/files\/2009\/05\/pentecostes-cartaz.jpg\" alt=\"\" width=\"453\" height=\"640\" \/><\/a><\/p>\n<p style=\"text-align: center\"><a href=\"http:\/\/blog.cancaonova.com\/brasilia\/files\/2009\/05\/pentecostes.jpg\"><img loading=\"lazy\" decoding=\"async\" class=\"size-full wp-image-5341  aligncenter\" src=\"http:\/\/blog.cancaonova.com\/brasilia\/files\/2009\/05\/pentecostes.jpg\" alt=\"\" width=\"480\" height=\"534\" \/><\/a><\/p>\n","protected":false},"excerpt":{"rendered":"<p>\u00c9 isso mesmo Fam\u00edlia Can\u00e7\u00e3o Nova, o maior evento paroquial da Am\u00e9rica Latina: PENTECOSTES, realizado todos os anos pela Par\u00f3quia S\u00e3o Pedro, de Taguatinga\/DF, conduzido por PE MOACIR ANAST\u00c1CIO, ser\u00e1 transmitido pela TV Can\u00e7\u00e3o Nova. A\u00a0SANTA MISSA DO S\u00c1BADO &#8211;&#8230;<\/p>\n","protected":false},"author":1361,"featured_media":0,"comment_status":"open","ping_status":"open","sticky":false,"template":"","format":"standard","meta":{"_mi_skip_tracking":false,"_monsterinsights_sitenote_active":false,"_monsterinsights_sitenote_note":"","_monsterinsights_sitenote_category":0,"footnotes":""},"categories":[1331],"tags":[],"_links":{"self":[{"href":"https:\/\/blog.cancaonova.com\/brasilia\/wp-json\/wp\/v2\/posts\/5338"}],"collection":[{"href":"https:\/\/blog.cancaonova.com\/brasilia\/wp-json\/wp\/v2\/posts"}],"about":[{"href":"https:\/\/blog.cancaonova.com\/brasilia\/wp-json\/wp\/v2\/types\/post"}],"author":[{"embeddable":true,"href":"https:\/\/blog.cancaonova.com\/brasilia\/wp-json\/wp\/v2\/users\/1361"}],"replies":[{"embeddable":true,"href":"https:\/\/blog.cancaonova.com\/brasilia\/wp-json\/wp\/v2\/comments?post=5338"}],"version-history":[{"count":5,"href":"https:\/\/blog.cancaonova.com\/brasilia\/wp-json\/wp\/v2\/posts\/5338\/revisions"}],"predecessor-version":[{"id":6984,"href":"https:\/\/blog.cancaonova.com\/brasilia\/wp-json\/wp\/v2\/posts\/5338\/revisions\/6984"}],"wp:attachment":[{"href":"https:\/\/blog.cancaonova.com\/brasilia\/wp-json\/wp\/v2\/media?parent=5338"}],"wp:term":[{"taxonomy":"category","embeddable":true,"href":"https:\/\/blog.cancaonova.com\/brasilia\/wp-json\/wp\/v2\/categories?post=5338"},{"taxonomy":"post_tag","embeddable":true,"href":"https:\/\/blog.cancaonova.com\/brasilia\/wp-json\/wp\/v2\/tags?post=5338"}],"curies":[{"name":"wp","href":"https:\/\/api.w.org\/{rel}","templated":true}]}}