{"id":5360,"date":"2009-06-01T16:48:38","date_gmt":"2009-06-01T19:48:38","guid":{"rendered":"http:\/\/blog.cancaonova.com\/brasilia\/?p=5360"},"modified":"2009-07-16T17:23:11","modified_gmt":"2009-07-16T20:23:11","slug":"voce-viu-pela-tv-cancao-nova-pentecostes-com-pe-moacir-anastacio","status":"publish","type":"post","link":"https:\/\/blog.cancaonova.com\/brasilia\/voce-viu-pela-tv-cancao-nova-pentecostes-com-pe-moacir-anastacio\/","title":{"rendered":"Voc\u00ea viu: PENTECOSTES COM PE MOACIR ANAST\u00c1CIO"},"content":{"rendered":"<p>Voc\u00ea que n\u00e3o esteve presente, durante o final de semana no <strong>Parque Le\u00e3o<\/strong>, para a<strong> Festa de Pentecostes<\/strong>, pode acompanhar pela <strong>TVCN<\/strong>, flash&#8217;s mostrando a movimenta\u00e7\u00e3o durante os dias e a Santa Missa na integra, durante o s\u00e1bado. Esse evento reuniu mais de <strong>1 milh\u00e3o de pessoas<\/strong> que passaram pelo local durante os 3 dias!<\/p>\n<p>Agradecemos a Deus por mais essa gra\u00e7a de levarmos a movimenta\u00e7\u00e3o da Igreja aqui de Bras\u00edlia, que tem proporcionado ao povo cat\u00f3lico uma Igreja viva e atuante, e voc\u00ea que assiste a Can\u00e7\u00e3o Nova fica por dentro de tudo que acontece!<\/p>\n<p>E n\u00e3o podemos deixar de agradecer\u00a0ao <strong>Pe Moacir Anast\u00e1cio<\/strong> e a toda <strong>Par\u00f3quia S\u00e3o Pedro<\/strong>, pelo carinho, pela acolhida e por somar conosco nessa linda miss\u00e3o de Evangelizar!!!<\/p>\n<p>Confira algumas fotos desse evento:<\/p>\n<p style=\"text-align: center\"><a href=\"http:\/\/blog.cancaonova.com\/brasilia\/files\/2009\/06\/pentecostespemoacir.jpg\"><img loading=\"lazy\" decoding=\"async\" class=\"size-full wp-image-5361 aligncenter\" src=\"http:\/\/blog.cancaonova.com\/brasilia\/files\/2009\/06\/pentecostespemoacir.jpg\" alt=\"\" width=\"480\" height=\"480\" \/><\/a><\/p>\n<p><em>.: mais informa\u00e7\u00f5es no site da Par\u00f3quia S\u00e3o Pedro<\/em>: <strong><a href=\"http:\/\/www.paroquiasaopedro.com.br\" target=\"_blank\">www.paroquiasaopedro.com.br<\/a><\/strong><\/p>\n","protected":false},"excerpt":{"rendered":"<p>Voc\u00ea que n\u00e3o esteve presente, durante o final de semana no Parque Le\u00e3o, para a Festa de Pentecostes, pode acompanhar pela TVCN, flash&#8217;s mostrando a movimenta\u00e7\u00e3o durante os dias e a Santa Missa na integra, durante o s\u00e1bado. Esse evento&#8230;<\/p>\n","protected":false},"author":1361,"featured_media":0,"comment_status":"open","ping_status":"open","sticky":false,"template":"","format":"standard","meta":{"_mi_skip_tracking":false,"_monsterinsights_sitenote_active":false,"_monsterinsights_sitenote_note":"","_monsterinsights_sitenote_category":0,"footnotes":""},"categories":[1331],"tags":[],"_links":{"self":[{"href":"https:\/\/blog.cancaonova.com\/brasilia\/wp-json\/wp\/v2\/posts\/5360"}],"collection":[{"href":"https:\/\/blog.cancaonova.com\/brasilia\/wp-json\/wp\/v2\/posts"}],"about":[{"href":"https:\/\/blog.cancaonova.com\/brasilia\/wp-json\/wp\/v2\/types\/post"}],"author":[{"embeddable":true,"href":"https:\/\/blog.cancaonova.com\/brasilia\/wp-json\/wp\/v2\/users\/1361"}],"replies":[{"embeddable":true,"href":"https:\/\/blog.cancaonova.com\/brasilia\/wp-json\/wp\/v2\/comments?post=5360"}],"version-history":[{"count":8,"href":"https:\/\/blog.cancaonova.com\/brasilia\/wp-json\/wp\/v2\/posts\/5360\/revisions"}],"predecessor-version":[{"id":5776,"href":"https:\/\/blog.cancaonova.com\/brasilia\/wp-json\/wp\/v2\/posts\/5360\/revisions\/5776"}],"wp:attachment":[{"href":"https:\/\/blog.cancaonova.com\/brasilia\/wp-json\/wp\/v2\/media?parent=5360"}],"wp:term":[{"taxonomy":"category","embeddable":true,"href":"https:\/\/blog.cancaonova.com\/brasilia\/wp-json\/wp\/v2\/categories?post=5360"},{"taxonomy":"post_tag","embeddable":true,"href":"https:\/\/blog.cancaonova.com\/brasilia\/wp-json\/wp\/v2\/tags?post=5360"}],"curies":[{"name":"wp","href":"https:\/\/api.w.org\/{rel}","templated":true}]}}