{"id":5382,"date":"2009-06-03T09:58:41","date_gmt":"2009-06-03T12:58:41","guid":{"rendered":"http:\/\/blog.cancaonova.com\/brasilia\/?p=5382"},"modified":"2009-07-16T17:17:30","modified_gmt":"2009-07-16T20:17:30","slug":"voo-447-airfrance-diante-desse-fato-o-que-deus-quer-me-falar","status":"publish","type":"post","link":"https:\/\/blog.cancaonova.com\/brasilia\/voo-447-airfrance-diante-desse-fato-o-que-deus-quer-me-falar\/","title":{"rendered":"V\u00f4o 447: Airfrance :: O que Deus quer me falar? ::"},"content":{"rendered":"<p><a href=\"http:\/\/blog.cancaonova.com\/brasilia\/files\/2009\/06\/voo447.jpg\"><img loading=\"lazy\" decoding=\"async\" class=\"aligncenter size-full wp-image-5383\" src=\"http:\/\/blog.cancaonova.com\/brasilia\/files\/2009\/06\/voo447.jpg\" alt=\"\" width=\"480\" height=\"336\" \/><\/a><\/p>\n<p style=\"text-align: center\"><strong>&#8220;Ficai certos, se o dono da casa soubesse a que horas da noite viria o ladr\u00e3o, vigiaria e n\u00e3o deixaria que sua csa fosse arrombada. Por isso, tamb\u00e9m v\u00f3s, ficai preparados! Pois na hora em que menos pensais, vir\u00e1 o Filho do Homem&#8221; (Mt 24,43s)<\/strong><\/p>\n<p><strong>228 pessoas. 228 vidas. 228 hist\u00f3rias<\/strong> que se entrela\u00e7am com tantas outras que ficaram&#8230;<\/p>\n<p>Casal rec\u00e9m casados, crian\u00e7as, jovens, maestro, pr\u00edncipe, autoridades de grandes empresas, jovem que veio para o enterro de seu pai&#8230;. cada vida, uma hist\u00f3ria &#8230;.  <strong>Poderia ser eu? Poderia ser voc\u00ea? &#8230; quem sabe?<\/strong><\/p>\n<p>Historias de pessoas que poderiam estar naquele v\u00f4o e por diversos motivos n\u00e3o estavam&#8230; &#8220;SORTE?&#8221; &#8220;COISA DO &#8216;DESTINO'&#8221;??<\/p>\n<p>Algumas pessoas podem at\u00e9 estar culpando a Deus, dizendo que &#8220;Deus quis&#8221;, ou at\u00e9 mesmo dizendo &#8220;um Deus que permite isso \u00e9 um carrasco, onde j\u00e1 se viu, uma trag\u00e9dia como essa?&#8221; V\u00e1rios sentimentos invadem o cora\u00e7\u00e3o de muitos em casos como esse.<\/p>\n<p><strong>Mas, n\u00f3s como homens e mulheres de Deus, precisamos ter uma vis\u00e3o espiritual de todas as coisas.<\/strong><\/p>\n<p>Fazendo a cobertura desse caso, pude mais uma vez ter firmado no meu cora\u00e7\u00e3o essa certeza: <strong>nada do que nos acontece aqui, no plano material, est\u00e1 fora do controle de Deus<\/strong>. Desastres, trag\u00e9dias acontecem, porque tudo \u00e9 consequ\u00eancia do mal, da presen\u00e7a do pecado no mundo. <strong>Deus permite, porque \u00e9 infinitamente maior e capaz de transformar TODO mal em um BEM muito MAIOR.<\/strong><\/p>\n<p>Fam\u00edlias est\u00e3o sofrendo pelas perdas, pela aus\u00eancia e pela dor da morte, ainda mais uma morte tr\u00e1gica como essa (ao que tudo indica), mas nada pode abalar a nossa CONFIAN\u00c7A NO SENHOR. Hoje como irm\u00e3os em Cristo, somos chamados a nos unir em ora\u00e7\u00e3o por essas almas, por essas fam\u00edlias, por todos aqueles que sofrem com esse acontecimento, que de uma forma abala o mundo todo, n\u00e3o s\u00f3 o Brasil.<\/p>\n<p>Mas culpar a Deus?! Jamais!!! N\u00e3o podemos cair nessa tenta\u00e7\u00e3o.<\/p>\n<p><strong>A morte, nos convida a uma revis\u00e3o de vida. <\/strong>Poderia ter sido com qualquer um de n\u00f3s, pois afinal, algu\u00e9m sabe o dia e a hora da pr\u00f3pria morte?! Portanto fa\u00e7amos um grande exame de consci\u00eancia, de como temos vivido, se temos amado, perdoado, se estamos, com a vida que vivemos hoje, sendo felizes verdadeiramente.<\/p>\n<p>Busquemos<strong> o sentido da nossa vida<\/strong>, e ela est\u00e1, como diz S\u00e3o Paulo,<strong> escondida em Cristo.<\/strong><\/p>\n<p>Em tudo Deus quer nos falar!!  N\u00e3o deixemos que os acontecimentos da vida, passem despercebidos aos nossos olhos. Todo tempo \u00e9 tempo de convers\u00e3o, toda hora \u00e9 hora de recome\u00e7ar&#8230;<\/p>\n<p>Que Deus nos ilumine com a Luz do seu Esp\u00edrito e nos fa\u00e7a cada vez mais fi\u00e9is no dia de hoje&#8230; pois como nos ensina a Doutora da Igreja Santa Terezinha do Meninos Jesus <strong>&#8220;T\u00da BEM SABES MEU DEUS, PRA TE AMAR S\u00d3 TENHO O HOJE&#8230;&#8221;<\/strong><\/p>\n<p>CARPE DIEM (Viva bem o seu dia)<\/p>\n<p style=\"text-align: right\">Com ora\u00e7\u00f5es,<\/p>\n<p style=\"text-align: right\"><strong>Gisele Pires<\/strong>, Comunidade Can\u00e7\u00e3o Nova<\/p>\n","protected":false},"excerpt":{"rendered":"<p>&#8220;Ficai certos, se o dono da casa soubesse a que horas da noite viria o ladr\u00e3o, vigiaria e n\u00e3o deixaria que sua csa fosse arrombada. Por isso, tamb\u00e9m v\u00f3s, ficai preparados! Pois na hora em que menos pensais, vir\u00e1 o&#8230;<\/p>\n","protected":false},"author":1361,"featured_media":0,"comment_status":"open","ping_status":"open","sticky":false,"template":"","format":"standard","meta":{"_mi_skip_tracking":false,"_monsterinsights_sitenote_active":false,"_monsterinsights_sitenote_note":"","_monsterinsights_sitenote_category":0,"footnotes":""},"categories":[23],"tags":[],"_links":{"self":[{"href":"https:\/\/blog.cancaonova.com\/brasilia\/wp-json\/wp\/v2\/posts\/5382"}],"collection":[{"href":"https:\/\/blog.cancaonova.com\/brasilia\/wp-json\/wp\/v2\/posts"}],"about":[{"href":"https:\/\/blog.cancaonova.com\/brasilia\/wp-json\/wp\/v2\/types\/post"}],"author":[{"embeddable":true,"href":"https:\/\/blog.cancaonova.com\/brasilia\/wp-json\/wp\/v2\/users\/1361"}],"replies":[{"embeddable":true,"href":"https:\/\/blog.cancaonova.com\/brasilia\/wp-json\/wp\/v2\/comments?post=5382"}],"version-history":[{"count":5,"href":"https:\/\/blog.cancaonova.com\/brasilia\/wp-json\/wp\/v2\/posts\/5382\/revisions"}],"predecessor-version":[{"id":5772,"href":"https:\/\/blog.cancaonova.com\/brasilia\/wp-json\/wp\/v2\/posts\/5382\/revisions\/5772"}],"wp:attachment":[{"href":"https:\/\/blog.cancaonova.com\/brasilia\/wp-json\/wp\/v2\/media?parent=5382"}],"wp:term":[{"taxonomy":"category","embeddable":true,"href":"https:\/\/blog.cancaonova.com\/brasilia\/wp-json\/wp\/v2\/categories?post=5382"},{"taxonomy":"post_tag","embeddable":true,"href":"https:\/\/blog.cancaonova.com\/brasilia\/wp-json\/wp\/v2\/tags?post=5382"}],"curies":[{"name":"wp","href":"https:\/\/api.w.org\/{rel}","templated":true}]}}