{"id":5866,"date":"2009-07-23T13:12:07","date_gmt":"2009-07-23T16:12:07","guid":{"rendered":"http:\/\/blog.cancaonova.com\/brasilia\/?p=5866"},"modified":"2009-07-23T13:12:07","modified_gmt":"2009-07-23T16:12:07","slug":"para-rezar-em-que-voce-precisa-melhorar","status":"publish","type":"post","link":"https:\/\/blog.cancaonova.com\/brasilia\/para-rezar-em-que-voce-precisa-melhorar\/","title":{"rendered":"Para rezar: Em que voc\u00ea precisa melhorar?"},"content":{"rendered":"<p style=\"text-align: center\"><strong>N\u00e3o h\u00e1 ningu\u00e9m mais verdadeiro conosco do que n\u00f3s mesmos.<\/strong> Comece a se observar para ver quantas surpresas ter\u00e1. Ao nos analisarmos vamos perceber o tanto de qualidades que temos e tamb\u00e9m os pequenos e os grandes v\u00edcios que alimentamos. Eu costumo fazer essa experi\u00eancia e tenho feito grandes descobertas sobre mim mesma.<\/p>\n<p><a href=\"http:\/\/blog.cancaonova.com\/brasilia\/files\/2009\/07\/2796728.jpg\"><img loading=\"lazy\" decoding=\"async\" class=\"aligncenter size-full wp-image-5868\" src=\"http:\/\/blog.cancaonova.com\/brasilia\/files\/2009\/07\/2796728.jpg\" alt=\"\" width=\"459\" height=\"191\" \/><\/a><\/p>\n<p style=\"text-align: center\">Cada vez mais <strong>o Esp\u00edrito Santo me tem levado a me conhecer melhor.<\/strong> \u00c9 uma gra\u00e7a \u00fanica conhecermos as nossas qualidades e as nossas limita\u00e7\u00f5es, para podermos melhorar.<\/p>\n<p style=\"text-align: center\">Muitas vezes, queremos que as pessoas mudem, implicamos com elas, ficamos olhando para os seus defeitos e at\u00e9 nos irritamos com muitos de nossos irm\u00e3os, <strong>quando, na verdade, quem precisa mudar somos n\u00f3s.<\/strong><\/p>\n<p style=\"text-align: center\">Geralmente, n\u00f3s nos achamos muito bons, mas se observarmos as nossas inten\u00e7\u00f5es em realizar cada coisa, nem sempre estas ser\u00e3o retas. Sempre h\u00e1 um certo interesse por tr\u00e1s. De alguma forma, queremos tirar proveito particular das situa\u00e7\u00f5es e demonstrar que somos perfeitos.<\/p>\n<p style=\"text-align: center\"><strong>Voc\u00ea j\u00e1 parou para se perguntar se as suas inten\u00e7\u00f5es realmente s\u00e3o sinceras e justas?<\/strong><\/p>\n<p style=\"text-align: center\">Muitas vezes, ajudamos algu\u00e9m, mas a nossa real inten\u00e7\u00e3o n\u00e3o \u00e9 praticar a verdadeira caridade, mas sim, ser reconhecidos e elogiados e at\u00e9 mesmo receber alguma recompensa humana.<\/p>\n<p style=\"text-align: center\">Pe\u00e7amos ao Senhor que purifique as inten\u00e7\u00f5es do nosso cora\u00e7\u00e3o, para que possamos ver a Deus.<\/p>\n<p style=\"text-align: center\"><em>\u201cCria para mim um cora\u00e7\u00e3o puro, \u00f3 Deus; enra\u00edza em mim um esp\u00edrito novo\u201d<\/em> (Salmo 50, 12).<\/p>\n<p style=\"text-align: center\"><strong>Jesus, eu confio em V\u00f3s!<\/strong><\/p>\n<p style=\"text-align: right\"><strong>Luzia Santiago<\/strong><\/p>\n<p style=\"text-align: right\"><em>Co-fundadora Can\u00e7\u00e3o Nova<\/em><\/p>\n","protected":false},"excerpt":{"rendered":"<p>N\u00e3o h\u00e1 ningu\u00e9m mais verdadeiro conosco do que n\u00f3s mesmos. Comece a se observar para ver quantas surpresas ter\u00e1. Ao nos analisarmos vamos perceber o tanto de qualidades que temos e tamb\u00e9m os pequenos e os grandes v\u00edcios que alimentamos&#8230;.<\/p>\n","protected":false},"author":1361,"featured_media":0,"comment_status":"open","ping_status":"open","sticky":false,"template":"","format":"standard","meta":{"_mi_skip_tracking":false,"_monsterinsights_sitenote_active":false,"_monsterinsights_sitenote_note":"","_monsterinsights_sitenote_category":0,"footnotes":""},"categories":[23],"tags":[177815,17155,20826],"_links":{"self":[{"href":"https:\/\/blog.cancaonova.com\/brasilia\/wp-json\/wp\/v2\/posts\/5866"}],"collection":[{"href":"https:\/\/blog.cancaonova.com\/brasilia\/wp-json\/wp\/v2\/posts"}],"about":[{"href":"https:\/\/blog.cancaonova.com\/brasilia\/wp-json\/wp\/v2\/types\/post"}],"author":[{"embeddable":true,"href":"https:\/\/blog.cancaonova.com\/brasilia\/wp-json\/wp\/v2\/users\/1361"}],"replies":[{"embeddable":true,"href":"https:\/\/blog.cancaonova.com\/brasilia\/wp-json\/wp\/v2\/comments?post=5866"}],"version-history":[{"count":3,"href":"https:\/\/blog.cancaonova.com\/brasilia\/wp-json\/wp\/v2\/posts\/5866\/revisions"}],"predecessor-version":[{"id":5874,"href":"https:\/\/blog.cancaonova.com\/brasilia\/wp-json\/wp\/v2\/posts\/5866\/revisions\/5874"}],"wp:attachment":[{"href":"https:\/\/blog.cancaonova.com\/brasilia\/wp-json\/wp\/v2\/media?parent=5866"}],"wp:term":[{"taxonomy":"category","embeddable":true,"href":"https:\/\/blog.cancaonova.com\/brasilia\/wp-json\/wp\/v2\/categories?post=5866"},{"taxonomy":"post_tag","embeddable":true,"href":"https:\/\/blog.cancaonova.com\/brasilia\/wp-json\/wp\/v2\/tags?post=5866"}],"curies":[{"name":"wp","href":"https:\/\/api.w.org\/{rel}","templated":true}]}}