{"id":6459,"date":"2009-09-23T14:23:32","date_gmt":"2009-09-23T17:23:32","guid":{"rendered":"http:\/\/blog.cancaonova.com\/brasilia\/?p=6459"},"modified":"2009-09-23T14:23:32","modified_gmt":"2009-09-23T17:23:32","slug":"santo-do-dia-pe-pio-de-pietrelcina-2309","status":"publish","type":"post","link":"https:\/\/blog.cancaonova.com\/brasilia\/santo-do-dia-pe-pio-de-pietrelcina-2309\/","title":{"rendered":"Santo do dia: Pe Pio de Pietrelcina (23\/09)"},"content":{"rendered":"<p style=\"text-align: center\">Um presente para voc\u00ea que \u00e9 devoto de <strong>Pe Pio<\/strong> e para aqueles q n\u00e3o o conhecem eis a chance!!!!<\/p>\n<p style=\"text-align: center\"><img loading=\"lazy\" decoding=\"async\" class=\"aligncenter size-full wp-image-6461\" src=\"http:\/\/blog.cancaonova.com\/brasilia\/files\/2009\/09\/padre-10-2.jpg\" alt=\"\" width=\"448\" height=\"180\" \/><\/p>\n<p style=\"text-align: center\"><strong><span style=\"font-size: 10pt;font-family: Verdana\"><span style=\"color: #000000\">MEDITA\u00c7\u00c3O SOBRE A PERSEVERAN\u00c7A<br \/>\nNA VOZ DE PADRE PIO<\/span><\/span><\/strong><br \/>\n<strong><span style=\"font-size: 10pt;font-family: Verdana\"><span style=\"color: #000000\">ESPECIAL 23\/09\/2009 &#8211; DIA DE S\u00c3O PIO DE PIETRELCINA<\/span><\/span><\/strong><\/p>\n<p style=\"text-align: center\"><span style=\"color: #0000ff\"><strong>Ou\u00e7a o \u00e1udio com a voz de Pe Pio (italiano) e acompanhe a medita\u00e7\u00e3o transcrita e traduzida<\/strong><\/span><\/p>\n<p style=\"text-align: center\">\n<p class=\"audioplayer_container\"><span style=\"display:block;padding:5px;border:1px solid #dddddd;background:#f8f8f8\" id=\"audioplayer_1\">Audio clip: Adobe Flash Player (version 9 or above) is required to play this audio clip. Download the latest version <a href=\"http:\/\/www.adobe.com\/shockwave\/download\/download.cgi?P1_Prod_Version=ShockwaveFlash&amp;promoid=BIOW\" title=\"Download Adobe Flash Player\">here<\/a>. You also need to have JavaScript enabled in your browser.<\/span><\/p>\n<p><script type=\"text\/javascript\">AudioPlayer.embed(\"audioplayer_1\", {soundFile:\"aHR0cDovL3JhZGlvLmNhbmNhb25vdmEuY29tL2JyYXNpbGlhLyxodHRwOi8vd3d3LnBhZHJlcGlvZ3JvdXAuY29tL3VwbG9hZHMvMi8zLzkvNS8yMzk1MDEvZGlzY3Vyc29fcGVfcGlvLm1wMw\"});<\/script><\/p>\n<p style=\"text-align: center\">\u201cQue Jesus e Maria sejam sempre louvados!<br \/>\nJesus nos disse no Evangelho que o pr\u00eamio \u00e9 destinado n\u00e3o a quem come\u00e7a bem, nem a quem continua no caminho do bem por um certo tempo, mas a quem persevera at\u00e9 o fim.<br \/>\nPortanto, quem come\u00e7ou, procure perseverar sempre melhor. Quem est\u00e1 prosseguindo, procure chegar at\u00e9 o fim. E, quem desgra\u00e7adamente n\u00e3o come\u00e7ou ainda, ponha-se no caminho correto.<br \/>\nEsforcemo-nos todos em perseverar.<br \/>\nSei que \u00e9 uma tarefa bastante dif\u00edcil. Por\u00e9m, com o exemplo dos santos e com o aux\u00edlio da Virgem Sant\u00edssima, a gra\u00e7a de Deus, que est\u00e1 sempre pronta para quem a procura, nunca nos faltar\u00e1.<br \/>\nPor isso, revistamo-nos de const\u00e2ncia, de paci\u00eancia e de perseveran\u00e7a.<br \/>\nE, ent\u00e3o, se verificar\u00e1 em n\u00f3s aquilo que o pr\u00f3prio Jesus nos disse no Evangelho: \u201cAquele que persevera at\u00e9 o fim, esse se salvar\u00e1!\u201d<br \/>\nDesejo a todos uma boa noite, cheia de gra\u00e7as e de b\u00ean\u00e7\u00e3os.<br \/>\nE uma ben\u00e7\u00e3o muito especial n\u00e3o somente a voc\u00eas, mas a todos aqueles que est\u00e3o nos seus cora\u00e7\u00f5es; especialmente \u00e0s suas fam\u00edlias e as pessoas a quem voc\u00eas querem bem.<br \/>\nMas, de modo especial, uma ben\u00e7\u00e3o aos pobres doentes e aos sofredores. Que o Senhor infunda neles coragem e perseveran\u00e7a, e lhes d\u00ea sa\u00fade.<br \/>\nEm nome do Pai e do Filho e do Esp\u00edrito Santo. Am\u00e9m.<br \/>\nQue Jesus e Maria sejam sempre louvados!\u201d<\/p>\n<p style=\"text-align: center\"><span><strong><span style=\"font-size: 10pt;font-family: Verdana\"><span style=\"color: #000000\">ORA\u00c7\u00c3O A S\u00c3O PIO DE PIETRELCINA (PADRE PIO)<\/span><\/span><\/strong><\/span><\/p>\n<p style=\"text-align: center\">\u00d3 Deus, que doastes a S\u00e3o Pio de Pietrelcina, sacerdote capuchinho, o insigne privil\u00e9gio de participar, de modo admir\u00e1vel, da Paix\u00e3o de vosso Filho, por sua intercess\u00e3o, dai-me a gra\u00e7a&#8230; que tanto desejo; e sobretudo concedei-me unir-me \u00e0 Paix\u00e3o de Jesus, para depois chegar \u00e0 Sua gloriosa ressurrei\u00e7\u00e3o.<\/p>\n<p style=\"text-align: center\"><em>Pai-Nosso, Ave-Maria, Gl\u00f3ria ao Pai<\/em><\/p>\n<p style=\"text-align: center\"><object width=\"480\" height=\"385\" type=\"application\/x-shockwave-flash\" data=\"http:\/\/webtvcn.com\/player\/v\/113176\" ><param name=\"movie\" value=\"http:\/\/webtvcn.com\/player\/v\/113176\" \/><param name=\"allowScriptAccess\" value=\"aways\" \/><param name=\"wmode\" value=\"window\" \/><param name=\"loop\" value=\"false\" \/><param name=\"menu\" value=\"true\" \/><param name=\"allowFullScreen\" value=\"true\" \/><\/object>\n<\/p>\n<p style=\"text-align: center\"><em><strong>S\u00e3o Pe Pio, rogai por n\u00f3s!<\/strong><\/em><\/p>\n","protected":false},"excerpt":{"rendered":"<p>Um presente para voc\u00ea que \u00e9 devoto de Pe Pio e para aqueles q n\u00e3o o conhecem eis a chance!!!! MEDITA\u00c7\u00c3O SOBRE A PERSEVERAN\u00c7A NA VOZ DE PADRE PIO ESPECIAL 23\/09\/2009 &#8211; DIA DE S\u00c3O PIO DE PIETRELCINA Ou\u00e7a o&#8230;<\/p>\n\n\n<p class=\"audioplayer_container\"><span style=\"display:block;padding:5px;border:1px solid #dddddd;background:#f8f8f8\" id=\"audioplayer_2\">Audio clip: Adobe Flash Player (version 9 or above) is required to play this audio clip. Download the latest version <a href=\"http:\/\/www.adobe.com\/shockwave\/download\/download.cgi?P1_Prod_Version=ShockwaveFlash&amp;promoid=BIOW\" title=\"Download Adobe Flash Player\">here<\/a>. You also need to have JavaScript enabled in your browser.<\/span><\/p><script type=\"text\/javascript\">AudioPlayer.embed(\"audioplayer_2\", {soundFile:\"aHR0cDovL3JhZGlvLmNhbmNhb25vdmEuY29tL2JyYXNpbGlhLyxodHRwOi8vd3d3LnBhZHJlcGlvZ3JvdXAuY29tL3VwbG9hZHMvMi8zLzkvNS8yMzk1MDEvZGlzY3Vyc29fcGVfcGlvLm1wMw\"});<\/script>","protected":false},"author":1361,"featured_media":0,"comment_status":"open","ping_status":"open","sticky":false,"template":"","format":"standard","meta":{"_mi_skip_tracking":false,"_monsterinsights_sitenote_active":false,"_monsterinsights_sitenote_note":"","_monsterinsights_sitenote_category":0,"footnotes":""},"categories":[1331],"tags":[19296,6351,23910,19037],"_links":{"self":[{"href":"https:\/\/blog.cancaonova.com\/brasilia\/wp-json\/wp\/v2\/posts\/6459"}],"collection":[{"href":"https:\/\/blog.cancaonova.com\/brasilia\/wp-json\/wp\/v2\/posts"}],"about":[{"href":"https:\/\/blog.cancaonova.com\/brasilia\/wp-json\/wp\/v2\/types\/post"}],"author":[{"embeddable":true,"href":"https:\/\/blog.cancaonova.com\/brasilia\/wp-json\/wp\/v2\/users\/1361"}],"replies":[{"embeddable":true,"href":"https:\/\/blog.cancaonova.com\/brasilia\/wp-json\/wp\/v2\/comments?post=6459"}],"version-history":[{"count":5,"href":"https:\/\/blog.cancaonova.com\/brasilia\/wp-json\/wp\/v2\/posts\/6459\/revisions"}],"predecessor-version":[{"id":6465,"href":"https:\/\/blog.cancaonova.com\/brasilia\/wp-json\/wp\/v2\/posts\/6459\/revisions\/6465"}],"wp:attachment":[{"href":"https:\/\/blog.cancaonova.com\/brasilia\/wp-json\/wp\/v2\/media?parent=6459"}],"wp:term":[{"taxonomy":"category","embeddable":true,"href":"https:\/\/blog.cancaonova.com\/brasilia\/wp-json\/wp\/v2\/categories?post=6459"},{"taxonomy":"post_tag","embeddable":true,"href":"https:\/\/blog.cancaonova.com\/brasilia\/wp-json\/wp\/v2\/tags?post=6459"}],"curies":[{"name":"wp","href":"https:\/\/api.w.org\/{rel}","templated":true}]}}