{"id":6484,"date":"2009-10-01T14:38:21","date_gmt":"2009-10-01T17:38:21","guid":{"rendered":"http:\/\/blog.cancaonova.com\/brasilia\/?p=6484"},"modified":"2009-10-01T14:38:21","modified_gmt":"2009-10-01T17:38:21","slug":"transmissao-da-891-fm-missa-com-frei-josue","status":"publish","type":"post","link":"https:\/\/blog.cancaonova.com\/brasilia\/transmissao-da-891-fm-missa-com-frei-josue\/","title":{"rendered":"TRANSMISS\u00c3O DA 89.1 FM: Missa com Frei Josu\u00e9"},"content":{"rendered":"<p><a href=\"http:\/\/www.cancaonova.com\/radiodf.asx\" target=\"_blank\"><img loading=\"lazy\" decoding=\"async\" class=\"aligncenter size-full wp-image-6485\" src=\"http:\/\/blog.cancaonova.com\/brasilia\/files\/2009\/10\/transmissaomissa.jpg\" alt=\"\" width=\"470\" height=\"291\" \/><\/a><\/p>\n<p style=\"text-align: center\"><strong>VOC\u00ca N\u00c3O PODE PERDER!!!!<\/strong><\/p>\n<p style=\"text-align: center\"><span style=\"color: #ff0000\"><strong> MISSA ESPECIAL COM A BEN\u00c7\u00c3O DAS ROSAS, NESSE DIA DE SANTA TEREZINHA!!!<\/strong><\/span><\/p>\n<p style=\"text-align: center\"><strong>NA PAR\u00d3QUIA BOM JESUS, 601 SUL , \u00e0s 20h00<\/strong><\/p>\n","protected":false},"excerpt":{"rendered":"<p>VOC\u00ca N\u00c3O PODE PERDER!!!! MISSA ESPECIAL COM A BEN\u00c7\u00c3O DAS ROSAS, NESSE DIA DE SANTA TEREZINHA!!! NA PAR\u00d3QUIA BOM JESUS, 601 SUL , \u00e0s 20h00<\/p>\n","protected":false},"author":1361,"featured_media":0,"comment_status":"open","ping_status":"open","sticky":false,"template":"","format":"standard","meta":{"_mi_skip_tracking":false,"_monsterinsights_sitenote_active":false,"_monsterinsights_sitenote_note":"","_monsterinsights_sitenote_category":0,"footnotes":""},"categories":[15747],"tags":[19296,6351,19613,16300],"_links":{"self":[{"href":"https:\/\/blog.cancaonova.com\/brasilia\/wp-json\/wp\/v2\/posts\/6484"}],"collection":[{"href":"https:\/\/blog.cancaonova.com\/brasilia\/wp-json\/wp\/v2\/posts"}],"about":[{"href":"https:\/\/blog.cancaonova.com\/brasilia\/wp-json\/wp\/v2\/types\/post"}],"author":[{"embeddable":true,"href":"https:\/\/blog.cancaonova.com\/brasilia\/wp-json\/wp\/v2\/users\/1361"}],"replies":[{"embeddable":true,"href":"https:\/\/blog.cancaonova.com\/brasilia\/wp-json\/wp\/v2\/comments?post=6484"}],"version-history":[{"count":4,"href":"https:\/\/blog.cancaonova.com\/brasilia\/wp-json\/wp\/v2\/posts\/6484\/revisions"}],"predecessor-version":[{"id":6489,"href":"https:\/\/blog.cancaonova.com\/brasilia\/wp-json\/wp\/v2\/posts\/6484\/revisions\/6489"}],"wp:attachment":[{"href":"https:\/\/blog.cancaonova.com\/brasilia\/wp-json\/wp\/v2\/media?parent=6484"}],"wp:term":[{"taxonomy":"category","embeddable":true,"href":"https:\/\/blog.cancaonova.com\/brasilia\/wp-json\/wp\/v2\/categories?post=6484"},{"taxonomy":"post_tag","embeddable":true,"href":"https:\/\/blog.cancaonova.com\/brasilia\/wp-json\/wp\/v2\/tags?post=6484"}],"curies":[{"name":"wp","href":"https:\/\/api.w.org\/{rel}","templated":true}]}}