{"id":6494,"date":"2009-10-02T18:11:27","date_gmt":"2009-10-02T21:11:27","guid":{"rendered":"http:\/\/blog.cancaonova.com\/brasilia\/?p=6494"},"modified":"2009-10-02T18:11:27","modified_gmt":"2009-10-02T21:11:27","slug":"campanha-jejum-de-daniel","status":"publish","type":"post","link":"https:\/\/blog.cancaonova.com\/brasilia\/campanha-jejum-de-daniel\/","title":{"rendered":"CAMPANHA JEJUM DE DANIEL"},"content":{"rendered":"<p style=\"text-align: center\"><a href=\"http:\/\/blog.cancaonova.com\/brasilia\/files\/2009\/10\/jejum1-300x249.jpg\"><img loading=\"lazy\" decoding=\"async\" class=\"aligncenter size-full wp-image-6495\" src=\"http:\/\/blog.cancaonova.com\/brasilia\/files\/2009\/10\/jejum1-300x249.jpg\" alt=\"\" width=\"300\" height=\"249\" \/><\/a><\/p>\n<p style=\"text-align: center\">Pra voc\u00ea que acompanhou o <strong>Acampamento de Cura e Liberta\u00e7\u00e3o<\/strong> com <strong>Frei Josu\u00e9 e Pe Moacir Anast\u00e1cio<\/strong> em Cachoeira Paulista, dias 25 a 27\/09 , disponibilizamos o <strong>JEJUM DE DANIEL<\/strong>, proposto com uma das armas para nossa liberta\u00e7\u00e3o e daqueles que amamos!<\/p>\n<p style=\"text-align: center\"><a href=\"http:\/\/blog.cancaonova.com\/brasilia\/files\/2009\/10\/jejum_daniel.pdf\" target=\"_self\"><img loading=\"lazy\" decoding=\"async\" class=\"aligncenter size-full wp-image-5473\" src=\"http:\/\/blog.cancaonova.com\/brasilia\/files\/2009\/06\/seta.jpg\" alt=\"\" width=\"50\" height=\"44\" \/><\/a><\/p>\n<p style=\"text-align: center\"><a href=\"http:\/\/blog.cancaonova.com\/brasilia\/files\/2009\/10\/jejum_daniel.pdf\" target=\"_self\"><strong>CLIQUE AQUI E BAIXE A ORA\u00c7\u00c3O<\/strong><\/a><\/p>\n<p style=\"text-align: center\"><em>Se Deus \u00e9 por n\u00f3s, quem ser\u00e1 contra n\u00f3s ?<\/em><\/p>\n<p style=\"text-align: center\"><strong>FREI JOSU\u00c9 REZA POR VOC\u00ca!<\/strong><\/p>\n<p style=\"text-align: center\"><object width=\"480\" height=\"385\" type=\"application\/x-shockwave-flash\" data=\"http:\/\/webtvcn.com\/player\/v\/113474\" ><param name=\"movie\" value=\"http:\/\/webtvcn.com\/player\/v\/113474\" \/><param name=\"allowScriptAccess\" value=\"aways\" \/><param name=\"wmode\" value=\"window\" \/><param name=\"loop\" value=\"false\" \/><param name=\"menu\" value=\"true\" \/><param name=\"allowFullScreen\" value=\"true\" \/><\/object>\n<\/p>\n<p style=\"text-align: center\"><strong>PADRE MOACIR FALA SOBRE NOSSA SENHORA<\/strong><\/p>\n<p style=\"text-align: center\"><object width=\"480\" height=\"385\" type=\"application\/x-shockwave-flash\" data=\"http:\/\/webtvcn.com\/player\/v\/113490\" ><param name=\"movie\" value=\"http:\/\/webtvcn.com\/player\/v\/113490\" \/><param name=\"allowScriptAccess\" value=\"aways\" \/><param name=\"wmode\" value=\"window\" \/><param name=\"loop\" value=\"false\" \/><param name=\"menu\" value=\"true\" \/><param name=\"allowFullScreen\" value=\"true\" \/><\/object>\n<\/p>\n<p style=\"text-align: center\"><em>S\u00e3o Miguel Arcanjo, defendei-nos no combate!<\/em><\/p>\n","protected":false},"excerpt":{"rendered":"<p>Pra voc\u00ea que acompanhou o Acampamento de Cura e Liberta\u00e7\u00e3o com Frei Josu\u00e9 e Pe Moacir Anast\u00e1cio em Cachoeira Paulista, dias 25 a 27\/09 , disponibilizamos o JEJUM DE DANIEL, proposto com uma das armas para nossa liberta\u00e7\u00e3o e daqueles&#8230;<\/p>\n","protected":false},"author":1361,"featured_media":0,"comment_status":"open","ping_status":"open","sticky":false,"template":"","format":"standard","meta":{"_mi_skip_tracking":false,"_monsterinsights_sitenote_active":false,"_monsterinsights_sitenote_note":"","_monsterinsights_sitenote_category":0,"footnotes":""},"categories":[23],"tags":[19296,6351,17230,261],"_links":{"self":[{"href":"https:\/\/blog.cancaonova.com\/brasilia\/wp-json\/wp\/v2\/posts\/6494"}],"collection":[{"href":"https:\/\/blog.cancaonova.com\/brasilia\/wp-json\/wp\/v2\/posts"}],"about":[{"href":"https:\/\/blog.cancaonova.com\/brasilia\/wp-json\/wp\/v2\/types\/post"}],"author":[{"embeddable":true,"href":"https:\/\/blog.cancaonova.com\/brasilia\/wp-json\/wp\/v2\/users\/1361"}],"replies":[{"embeddable":true,"href":"https:\/\/blog.cancaonova.com\/brasilia\/wp-json\/wp\/v2\/comments?post=6494"}],"version-history":[{"count":3,"href":"https:\/\/blog.cancaonova.com\/brasilia\/wp-json\/wp\/v2\/posts\/6494\/revisions"}],"predecessor-version":[{"id":6499,"href":"https:\/\/blog.cancaonova.com\/brasilia\/wp-json\/wp\/v2\/posts\/6494\/revisions\/6499"}],"wp:attachment":[{"href":"https:\/\/blog.cancaonova.com\/brasilia\/wp-json\/wp\/v2\/media?parent=6494"}],"wp:term":[{"taxonomy":"category","embeddable":true,"href":"https:\/\/blog.cancaonova.com\/brasilia\/wp-json\/wp\/v2\/categories?post=6494"},{"taxonomy":"post_tag","embeddable":true,"href":"https:\/\/blog.cancaonova.com\/brasilia\/wp-json\/wp\/v2\/tags?post=6494"}],"curies":[{"name":"wp","href":"https:\/\/api.w.org\/{rel}","templated":true}]}}