{"id":6549,"date":"2009-10-14T16:46:07","date_gmt":"2009-10-14T19:46:07","guid":{"rendered":"http:\/\/blog.cancaonova.com\/brasilia\/?p=6549"},"modified":"2009-10-14T16:51:34","modified_gmt":"2009-10-14T19:51:34","slug":"dicas-de-filme-madre-tereza-de-calcuta","status":"publish","type":"post","link":"https:\/\/blog.cancaonova.com\/brasilia\/dicas-de-filme-madre-tereza-de-calcuta\/","title":{"rendered":"Dicas de filme: \"Madre Tereza de Calcut\u00e1\""},"content":{"rendered":"<p style=\"text-align: center\"><a href=\"http:\/\/blog.cancaonova.com\/brasilia\/files\/2009\/10\/114279gd.jpg\"><img loading=\"lazy\" decoding=\"async\" class=\"aligncenter size-full wp-image-6551\" src=\"http:\/\/blog.cancaonova.com\/brasilia\/files\/2009\/10\/114279gd.jpg\" alt=\"\" width=\"220\" height=\"314\" \/><\/a><\/p>\n<p style=\"text-align: center\"><strong>Sinopse:<\/strong> Conhecida como &#8220;a santa dos pobres mais pobres&#8221;, In\u00eas Gonxha Bojaxhiu nasceu em Skopja, capital da atual rep\u00fablica da Maced\u00f4nia. Aos 21 anos, mudando seu nome para Teresa, ingressou em um Convento de Calcut\u00e1. Onze anos mais tarde deixaria o mesmo e come\u00e7aria a trabalhar nos bairros mais pobres da cidade, vindo a fundar em 1946, a Congrega\u00e7\u00e3o das Mission\u00e1rias da Caridade.<\/p>\n<p style=\"text-align: center\"><a href=\"http:\/\/www.cancaonova.com\/portal\/canais\/especial\/madre_teresa\/\" target=\"_blank\"><strong>:: CONHE\u00c7A UM POUCO MAIS A VIDA DE MADRE TEREZA :: <\/strong><\/a><\/p>\n<p style=\"text-align: center\"><strong><em>Assista ao trailer:<\/em><\/strong><\/p>\n<p style=\"text-align: center\"><object width=\"480\" height=\"385\"><param name=\"movie\" value=\"http:\/\/www.youtube.com\/v\/PFq0RVmK28c\"><\/param><param name=\"allowFullScreen\" value=\"true\"><\/param><param name=\"allowscriptaccess\" value=\"always\"><\/param><embed src=\"http:\/\/www.youtube.com\/v\/PFq0RVmK28c\" type=\"application\/x-shockwave-flash\" allowscriptaccess=\"always\" allowfullscreen=\"true\" width=\"480\" height=\"385\"><\/embed><\/object>\n<\/p>\n<p style=\"text-align: center\"><em>Uma linda oportunidade de voc\u00ea conhecer um pouco mais da Hist\u00f3ria dessa Santa que marcou a Vida da Igreja.<\/em><\/p>\n","protected":false},"excerpt":{"rendered":"<p>Sinopse: Conhecida como &#8220;a santa dos pobres mais pobres&#8221;, In\u00eas Gonxha Bojaxhiu nasceu em Skopja, capital da atual rep\u00fablica da Maced\u00f4nia. Aos 21 anos, mudando seu nome para Teresa, ingressou em um Convento de Calcut\u00e1. Onze anos mais tarde deixaria&#8230;<\/p>\n","protected":false},"author":1361,"featured_media":0,"comment_status":"open","ping_status":"open","sticky":false,"template":"","format":"standard","meta":{"_mi_skip_tracking":false,"_monsterinsights_sitenote_active":false,"_monsterinsights_sitenote_note":"","_monsterinsights_sitenote_category":0,"footnotes":""},"categories":[11641],"tags":[19296,6351,19681],"_links":{"self":[{"href":"https:\/\/blog.cancaonova.com\/brasilia\/wp-json\/wp\/v2\/posts\/6549"}],"collection":[{"href":"https:\/\/blog.cancaonova.com\/brasilia\/wp-json\/wp\/v2\/posts"}],"about":[{"href":"https:\/\/blog.cancaonova.com\/brasilia\/wp-json\/wp\/v2\/types\/post"}],"author":[{"embeddable":true,"href":"https:\/\/blog.cancaonova.com\/brasilia\/wp-json\/wp\/v2\/users\/1361"}],"replies":[{"embeddable":true,"href":"https:\/\/blog.cancaonova.com\/brasilia\/wp-json\/wp\/v2\/comments?post=6549"}],"version-history":[{"count":6,"href":"https:\/\/blog.cancaonova.com\/brasilia\/wp-json\/wp\/v2\/posts\/6549\/revisions"}],"predecessor-version":[{"id":6556,"href":"https:\/\/blog.cancaonova.com\/brasilia\/wp-json\/wp\/v2\/posts\/6549\/revisions\/6556"}],"wp:attachment":[{"href":"https:\/\/blog.cancaonova.com\/brasilia\/wp-json\/wp\/v2\/media?parent=6549"}],"wp:term":[{"taxonomy":"category","embeddable":true,"href":"https:\/\/blog.cancaonova.com\/brasilia\/wp-json\/wp\/v2\/categories?post=6549"},{"taxonomy":"post_tag","embeddable":true,"href":"https:\/\/blog.cancaonova.com\/brasilia\/wp-json\/wp\/v2\/tags?post=6549"}],"curies":[{"name":"wp","href":"https:\/\/api.w.org\/{rel}","templated":true}]}}