{"id":6570,"date":"2009-10-20T14:07:58","date_gmt":"2009-10-20T17:07:58","guid":{"rendered":"http:\/\/blog.cancaonova.com\/brasilia\/?p=6570"},"modified":"2009-10-20T14:16:51","modified_gmt":"2009-10-20T17:16:51","slug":"atencao-missa-do-clube-mudou-de-lugar","status":"publish","type":"post","link":"https:\/\/blog.cancaonova.com\/brasilia\/atencao-missa-do-clube-mudou-de-lugar\/","title":{"rendered":"ATEN\u00c7\u00c3O: Missa do Clube mudou de lugar!"},"content":{"rendered":"<p style=\"text-align: center\"><span style=\"color: #ff0000\"><strong>Nesse m\u00eas de NOVEMBRO, a Missa do Clube que \u00e9 realizada na Par\u00f3quia Bom Jesus, acontecer\u00e1 no SANTU\u00c1RIO DOM BOSCO, na W3 502 Sul, e ser\u00e1 mais cedo: \u00e0s 19h30!<\/strong><\/span><\/p>\n<p style=\"text-align: center\"><a href=\"http:\/\/blog.cancaonova.com\/brasilia\/files\/2009\/10\/missa-dom-bosco.jpg\"><img loading=\"lazy\" decoding=\"async\" class=\"aligncenter size-full wp-image-6571\" src=\"http:\/\/blog.cancaonova.com\/brasilia\/files\/2009\/10\/missa-dom-bosco.jpg\" alt=\"\" width=\"470\" height=\"342\" \/><\/a><\/p>\n<p style=\"text-align: center\"><em>Ajude-nos a divulgar!<\/em><\/p>\n","protected":false},"excerpt":{"rendered":"<p>Nesse m\u00eas de NOVEMBRO, a Missa do Clube que \u00e9 realizada na Par\u00f3quia Bom Jesus, acontecer\u00e1 no SANTU\u00c1RIO DOM BOSCO, na W3 502 Sul, e ser\u00e1 mais cedo: \u00e0s 19h30! Ajude-nos a divulgar!<\/p>\n","protected":false},"author":1361,"featured_media":0,"comment_status":"open","ping_status":"open","sticky":false,"template":"","format":"standard","meta":{"_mi_skip_tracking":false,"_monsterinsights_sitenote_active":false,"_monsterinsights_sitenote_note":"","_monsterinsights_sitenote_category":0,"footnotes":""},"categories":[17360],"tags":[],"_links":{"self":[{"href":"https:\/\/blog.cancaonova.com\/brasilia\/wp-json\/wp\/v2\/posts\/6570"}],"collection":[{"href":"https:\/\/blog.cancaonova.com\/brasilia\/wp-json\/wp\/v2\/posts"}],"about":[{"href":"https:\/\/blog.cancaonova.com\/brasilia\/wp-json\/wp\/v2\/types\/post"}],"author":[{"embeddable":true,"href":"https:\/\/blog.cancaonova.com\/brasilia\/wp-json\/wp\/v2\/users\/1361"}],"replies":[{"embeddable":true,"href":"https:\/\/blog.cancaonova.com\/brasilia\/wp-json\/wp\/v2\/comments?post=6570"}],"version-history":[{"count":3,"href":"https:\/\/blog.cancaonova.com\/brasilia\/wp-json\/wp\/v2\/posts\/6570\/revisions"}],"predecessor-version":[{"id":6574,"href":"https:\/\/blog.cancaonova.com\/brasilia\/wp-json\/wp\/v2\/posts\/6570\/revisions\/6574"}],"wp:attachment":[{"href":"https:\/\/blog.cancaonova.com\/brasilia\/wp-json\/wp\/v2\/media?parent=6570"}],"wp:term":[{"taxonomy":"category","embeddable":true,"href":"https:\/\/blog.cancaonova.com\/brasilia\/wp-json\/wp\/v2\/categories?post=6570"},{"taxonomy":"post_tag","embeddable":true,"href":"https:\/\/blog.cancaonova.com\/brasilia\/wp-json\/wp\/v2\/tags?post=6570"}],"curies":[{"name":"wp","href":"https:\/\/api.w.org\/{rel}","templated":true}]}}