{"id":6597,"date":"2009-11-03T10:49:47","date_gmt":"2009-11-03T13:49:47","guid":{"rendered":"http:\/\/blog.cancaonova.com\/brasilia\/?p=6597"},"modified":"2009-11-03T10:49:47","modified_gmt":"2009-11-03T13:49:47","slug":"um-ano-reconhecimento-pontificio","status":"publish","type":"post","link":"https:\/\/blog.cancaonova.com\/brasilia\/um-ano-reconhecimento-pontificio\/","title":{"rendered":"UM ANO!!!! Reconhecimento Pontif\u00edcio!!!"},"content":{"rendered":"<p style=\"text-align: center\"><object width=\"480\" height=\"385\" type=\"application\/x-shockwave-flash\" data=\"http:\/\/webtvcn.com\/player\/v\/107435\" ><param name=\"movie\" value=\"http:\/\/webtvcn.com\/player\/v\/107435\" \/><param name=\"allowScriptAccess\" value=\"aways\" \/><param name=\"wmode\" value=\"window\" \/><param name=\"loop\" value=\"false\" \/><param name=\"menu\" value=\"true\" \/><param name=\"allowFullScreen\" value=\"true\" \/><\/object>\n<\/p>\n<p style=\"text-align: center\"><em>por Mirticelli Medeiros, consagrada da Comunidade Can\u00e7\u00e3o Nova<\/em><\/p>\n<p style=\"text-align: center\"><strong>VENHA CELEBRAR CONOSCO ESSE UM ANO!!!!<\/strong><\/p>\n<p style=\"text-align: center\"><img loading=\"lazy\" decoding=\"async\" class=\"aligncenter size-full wp-image-6571\" src=\"http:\/\/blog.cancaonova.com\/brasilia\/files\/2009\/10\/missa-dom-bosco.jpg\" alt=\"\" width=\"470\" height=\"342\" \/><\/p>\n<p style=\"text-align: center\"><strong>ESPERAMOS POR VOC\u00ca!!!!<\/strong><\/p>\n<p style=\"text-align: center\">\n","protected":false},"excerpt":{"rendered":"<p>por Mirticelli Medeiros, consagrada da Comunidade Can\u00e7\u00e3o Nova VENHA CELEBRAR CONOSCO ESSE UM ANO!!!! ESPERAMOS POR VOC\u00ca!!!!<\/p>\n","protected":false},"author":1361,"featured_media":0,"comment_status":"open","ping_status":"open","sticky":false,"template":"","format":"standard","meta":{"_mi_skip_tracking":false,"_monsterinsights_sitenote_active":false,"_monsterinsights_sitenote_note":"","_monsterinsights_sitenote_category":0,"footnotes":""},"categories":[17360],"tags":[19296,6351,18756,20420],"_links":{"self":[{"href":"https:\/\/blog.cancaonova.com\/brasilia\/wp-json\/wp\/v2\/posts\/6597"}],"collection":[{"href":"https:\/\/blog.cancaonova.com\/brasilia\/wp-json\/wp\/v2\/posts"}],"about":[{"href":"https:\/\/blog.cancaonova.com\/brasilia\/wp-json\/wp\/v2\/types\/post"}],"author":[{"embeddable":true,"href":"https:\/\/blog.cancaonova.com\/brasilia\/wp-json\/wp\/v2\/users\/1361"}],"replies":[{"embeddable":true,"href":"https:\/\/blog.cancaonova.com\/brasilia\/wp-json\/wp\/v2\/comments?post=6597"}],"version-history":[{"count":5,"href":"https:\/\/blog.cancaonova.com\/brasilia\/wp-json\/wp\/v2\/posts\/6597\/revisions"}],"predecessor-version":[{"id":6602,"href":"https:\/\/blog.cancaonova.com\/brasilia\/wp-json\/wp\/v2\/posts\/6597\/revisions\/6602"}],"wp:attachment":[{"href":"https:\/\/blog.cancaonova.com\/brasilia\/wp-json\/wp\/v2\/media?parent=6597"}],"wp:term":[{"taxonomy":"category","embeddable":true,"href":"https:\/\/blog.cancaonova.com\/brasilia\/wp-json\/wp\/v2\/categories?post=6597"},{"taxonomy":"post_tag","embeddable":true,"href":"https:\/\/blog.cancaonova.com\/brasilia\/wp-json\/wp\/v2\/tags?post=6597"}],"curies":[{"name":"wp","href":"https:\/\/api.w.org\/{rel}","templated":true}]}}