{"id":6634,"date":"2009-11-11T08:47:43","date_gmt":"2009-11-11T11:47:43","guid":{"rendered":"http:\/\/blog.cancaonova.com\/brasilia\/?p=6634"},"modified":"2009-11-11T09:09:17","modified_gmt":"2009-11-11T12:09:17","slug":"promocao-radio-nova-alianca-e-radio-cancao-nova","status":"publish","type":"post","link":"https:\/\/blog.cancaonova.com\/brasilia\/promocao-radio-nova-alianca-e-radio-cancao-nova\/","title":{"rendered":"PROMO\u00c7\u00c3O: R\u00e1dio Nova Alian\u00e7a e R\u00e1dio Can\u00e7\u00e3o Nova"},"content":{"rendered":"<p style=\"text-align: center\"><span style=\"color: #ff0000\"><strong>VOC\u00ca GOSTA DE FESTA??<\/strong><\/span><\/p>\n<p style=\"text-align: center\"><a href=\"http:\/\/blog.cancaonova.com\/brasilia\/files\/2009\/11\/baladinha.jpg\"><img loading=\"lazy\" decoding=\"async\" class=\"aligncenter size-full wp-image-6636\" src=\"http:\/\/blog.cancaonova.com\/brasilia\/files\/2009\/11\/baladinha.jpg\" alt=\"\" width=\"452\" height=\"207\" \/><\/a><\/p>\n<p style=\"text-align: center\"><strong>A R\u00e1dio Can\u00e7\u00e3o Nova quer levar voc\u00ea para o VII Baile da R\u00e1dio Nova Alian\u00e7a.<\/strong><\/p>\n<p style=\"text-align: center\">Para participar s\u00f3 precisa responder:<\/p>\n<p style=\"text-align: center\"><strong><span style=\"color: #ff0000\">Qual ser\u00e1 o maior evento da Arquidiocese de Bras\u00edlia em 2010?<\/span><\/strong><\/p>\n<p style=\"text-align: center\">Voc\u00ea sabe?!?!?!!?<\/p>\n<p style=\"text-align: center\">Responda e concorra a uma <strong>mesa com 4 lugares<\/strong> para o <strong>VII Baile da Nova Alian\u00e7a<\/strong>, neste <strong>s\u00e1bado dia 14 de novembro \u00e1s 22:00hs.<\/strong><\/p>\n<p style=\"text-align: center\">Ligue:<\/p>\n<p style=\"text-align: center\"><a href=\"http:\/\/blog.cancaonova.com\/brasilia\/files\/2009\/07\/fone.gif\"><img loading=\"lazy\" decoding=\"async\" class=\"aligncenter size-full wp-image-5620\" src=\"http:\/\/blog.cancaonova.com\/brasilia\/files\/2009\/07\/fone.gif\" alt=\"\" width=\"144\" height=\"100\" \/><\/a><\/p>\n<h1 style=\"text-align: center\">(61) 3363-1877<\/h1>\n<p style=\"text-align: center\">ou mande um e-mail <strong><a href=\"mailto:89.1@cancaonova.com\">89.1@cancaonova.com<\/a><\/strong><\/p>\n<p style=\"text-align: center\">\n<p style=\"text-align: center\"><strong><a href=\"http:\/\/blog.cancaonova.com\/brasilia\/files\/2009\/11\/danca.jpg\"><img loading=\"lazy\" decoding=\"async\" class=\"aligncenter size-full wp-image-6635\" src=\"http:\/\/blog.cancaonova.com\/brasilia\/files\/2009\/11\/danca.jpg\" alt=\"\" width=\"104\" height=\"66\" \/><\/a>Participe\u2026E boa festa!!!!!<\/strong><\/p>\n","protected":false},"excerpt":{"rendered":"<p>VOC\u00ca GOSTA DE FESTA?? A R\u00e1dio Can\u00e7\u00e3o Nova quer levar voc\u00ea para o VII Baile da R\u00e1dio Nova Alian\u00e7a. Para participar s\u00f3 precisa responder: Qual ser\u00e1 o maior evento da Arquidiocese de Bras\u00edlia em 2010? Voc\u00ea sabe?!?!?!!? Responda e concorra&#8230;<\/p>\n","protected":false},"author":1361,"featured_media":0,"comment_status":"open","ping_status":"open","sticky":false,"template":"","format":"standard","meta":{"_mi_skip_tracking":false,"_monsterinsights_sitenote_active":false,"_monsterinsights_sitenote_note":"","_monsterinsights_sitenote_category":0,"footnotes":""},"categories":[15747],"tags":[19296,6351,16541,19613],"_links":{"self":[{"href":"https:\/\/blog.cancaonova.com\/brasilia\/wp-json\/wp\/v2\/posts\/6634"}],"collection":[{"href":"https:\/\/blog.cancaonova.com\/brasilia\/wp-json\/wp\/v2\/posts"}],"about":[{"href":"https:\/\/blog.cancaonova.com\/brasilia\/wp-json\/wp\/v2\/types\/post"}],"author":[{"embeddable":true,"href":"https:\/\/blog.cancaonova.com\/brasilia\/wp-json\/wp\/v2\/users\/1361"}],"replies":[{"embeddable":true,"href":"https:\/\/blog.cancaonova.com\/brasilia\/wp-json\/wp\/v2\/comments?post=6634"}],"version-history":[{"count":6,"href":"https:\/\/blog.cancaonova.com\/brasilia\/wp-json\/wp\/v2\/posts\/6634\/revisions"}],"predecessor-version":[{"id":6641,"href":"https:\/\/blog.cancaonova.com\/brasilia\/wp-json\/wp\/v2\/posts\/6634\/revisions\/6641"}],"wp:attachment":[{"href":"https:\/\/blog.cancaonova.com\/brasilia\/wp-json\/wp\/v2\/media?parent=6634"}],"wp:term":[{"taxonomy":"category","embeddable":true,"href":"https:\/\/blog.cancaonova.com\/brasilia\/wp-json\/wp\/v2\/categories?post=6634"},{"taxonomy":"post_tag","embeddable":true,"href":"https:\/\/blog.cancaonova.com\/brasilia\/wp-json\/wp\/v2\/tags?post=6634"}],"curies":[{"name":"wp","href":"https:\/\/api.w.org\/{rel}","templated":true}]}}