{"id":6652,"date":"2009-11-12T15:00:13","date_gmt":"2009-11-12T18:00:13","guid":{"rendered":"http:\/\/blog.cancaonova.com\/brasilia\/?p=6652"},"modified":"2009-11-12T15:00:13","modified_gmt":"2009-11-12T18:00:13","slug":"a-mais-tocada-na-891-fm-anjo-guardiao","status":"publish","type":"post","link":"https:\/\/blog.cancaonova.com\/brasilia\/a-mais-tocada-na-891-fm-anjo-guardiao\/","title":{"rendered":"A mais tocada na 89.1 FM: \"Anjo Guardi\u00e3o\""},"content":{"rendered":"<p style=\"text-align: center\"><strong>Confira o clipe da m\u00fasica, mais tocada na R\u00e1dio 89.1 FM!!!!!<\/strong><\/p>\n<p style=\"text-align: center\"><span style=\"color: #0000ff\"><strong>Anjo guardi\u00e3o com Banda Canal da Gra\u00e7a<\/strong><\/span><\/p>\n<p style=\"text-align: center\"><object width=\"480\" height=\"385\"><param name=\"movie\" value=\"http:\/\/www.youtube.com\/v\/1V4WZcuDYiA\"><\/param><param name=\"allowFullScreen\" value=\"true\"><\/param><param name=\"allowscriptaccess\" value=\"always\"><\/param><embed src=\"http:\/\/www.youtube.com\/v\/1V4WZcuDYiA\" type=\"application\/x-shockwave-flash\" allowscriptaccess=\"always\" allowfullscreen=\"true\" width=\"480\" height=\"385\"><\/embed><\/object>\n<\/p>\n<p style=\"text-align: center\"><a href=\"http:\/\/blog.cancaonova.com\/brasilia\/files\/2009\/11\/logoradio.jpg\"><img loading=\"lazy\" decoding=\"async\" class=\"aligncenter size-full wp-image-6656\" src=\"http:\/\/blog.cancaonova.com\/brasilia\/files\/2009\/11\/logoradio.jpg\" alt=\"\" width=\"106\" height=\"106\" \/><\/a><\/p>\n<p style=\"text-align: center\"><strong>\u00c9 A R\u00c1DIO CAN\u00c7\u00c3O NOVA NO CORA\u00c7\u00c3O DO BRASIL!<\/strong><\/p>\n<p style=\"text-align: center\">ou\u00e7a pela internet:<a href=\"http:\/\/www.cancaonova.com\/radiodf.asx\" target=\"_self\"><strong> www.cancaonova.com\/radiodf.asx<\/strong><\/a><\/p>\n","protected":false},"excerpt":{"rendered":"<p>Confira o clipe da m\u00fasica, mais tocada na R\u00e1dio 89.1 FM!!!!! Anjo guardi\u00e3o com Banda Canal da Gra\u00e7a \u00c9 A R\u00c1DIO CAN\u00c7\u00c3O NOVA NO CORA\u00c7\u00c3O DO BRASIL! ou\u00e7a pela internet: www.cancaonova.com\/radiodf.asx<\/p>\n","protected":false},"author":1361,"featured_media":0,"comment_status":"open","ping_status":"open","sticky":false,"template":"","format":"standard","meta":{"_mi_skip_tracking":false,"_monsterinsights_sitenote_active":false,"_monsterinsights_sitenote_note":"","_monsterinsights_sitenote_category":0,"footnotes":""},"categories":[15747],"tags":[19296,6351,19613],"_links":{"self":[{"href":"https:\/\/blog.cancaonova.com\/brasilia\/wp-json\/wp\/v2\/posts\/6652"}],"collection":[{"href":"https:\/\/blog.cancaonova.com\/brasilia\/wp-json\/wp\/v2\/posts"}],"about":[{"href":"https:\/\/blog.cancaonova.com\/brasilia\/wp-json\/wp\/v2\/types\/post"}],"author":[{"embeddable":true,"href":"https:\/\/blog.cancaonova.com\/brasilia\/wp-json\/wp\/v2\/users\/1361"}],"replies":[{"embeddable":true,"href":"https:\/\/blog.cancaonova.com\/brasilia\/wp-json\/wp\/v2\/comments?post=6652"}],"version-history":[{"count":6,"href":"https:\/\/blog.cancaonova.com\/brasilia\/wp-json\/wp\/v2\/posts\/6652\/revisions"}],"predecessor-version":[{"id":6659,"href":"https:\/\/blog.cancaonova.com\/brasilia\/wp-json\/wp\/v2\/posts\/6652\/revisions\/6659"}],"wp:attachment":[{"href":"https:\/\/blog.cancaonova.com\/brasilia\/wp-json\/wp\/v2\/media?parent=6652"}],"wp:term":[{"taxonomy":"category","embeddable":true,"href":"https:\/\/blog.cancaonova.com\/brasilia\/wp-json\/wp\/v2\/categories?post=6652"},{"taxonomy":"post_tag","embeddable":true,"href":"https:\/\/blog.cancaonova.com\/brasilia\/wp-json\/wp\/v2\/tags?post=6652"}],"curies":[{"name":"wp","href":"https:\/\/api.w.org\/{rel}","templated":true}]}}