{"id":6682,"date":"2009-11-16T14:32:04","date_gmt":"2009-11-16T17:32:04","guid":{"rendered":"http:\/\/blog.cancaonova.com\/brasilia\/?p=6682"},"modified":"2009-11-16T14:33:46","modified_gmt":"2009-11-16T17:33:46","slug":"a-cancao-nova-se-prepara-para-a-tv-digital","status":"publish","type":"post","link":"https:\/\/blog.cancaonova.com\/brasilia\/a-cancao-nova-se-prepara-para-a-tv-digital\/","title":{"rendered":"A Can\u00e7\u00e3o Nova se prepara para a TV Digital!!!!"},"content":{"rendered":"<p><a href=\"http:\/\/blog.cancaonova.com\/brasilia\/files\/2009\/11\/eto.jpg\"><img loading=\"lazy\" decoding=\"async\" class=\"alignright size-full wp-image-6683\" src=\"http:\/\/blog.cancaonova.com\/brasilia\/files\/2009\/11\/eto.jpg\" alt=\"\" width=\"134\" height=\"209\" \/><\/a><em><strong>&#8221; <\/strong><span style=\"font-family: Verdana,sans-serif\"><strong>A<\/strong><strong> miss\u00e3o que temos de Evangelizar pelos meios de Comunica\u00e7\u00e3o nos coloca hoje, frente a frente, com um novo desafio: a TV Digital. Essa nova tecnologia j\u00e1 \u00e9 realidade em algumas capitais do nosso Brasil e a TV Can\u00e7\u00e3o Nova tem o compromisso assumido, desde o in\u00edcio de mar\u00e7o, de estar completamente no sistema Digital at\u00e9 o ano de 2013, pois sen\u00e3o estaremos fora do ar. <\/strong>A Can\u00e7\u00e3o Nova vive da Provid\u00eancia Divina que \u00e9 concretizada por meio da sua doa\u00e7\u00e3o todos os meses; o seu gesto de Amor nos permite enfrentar e vencer os desafios com dignidade e alegria &#8211; Wellington Silva Jardim &#8211; &#8216;Eto&#8217; &#8220;.<\/span><\/em><\/p>\n<p style=\"text-align: center\">E O <strong>MILAGRE ACONTECEU!!<\/strong>! Gra\u00e7as a VOC\u00ca! S\u00f3cio Benfeitor da Can\u00e7\u00e3o Nova, que assumiu conosco a miss\u00e3o de Evangelizar, hoje podemos celebrar essa <em>Vit\u00f3ria de Deus: <\/em><\/p>\n<p style=\"text-align: center\"><span style=\"color: #ff0000\"><strong>A ENTRADA DA CAN\u00c7\u00c3O NOVA NO MUNDO DIGITAL!!!!<\/strong><\/span><\/p>\n<p style=\"text-align: center\"><img loading=\"lazy\" decoding=\"async\" class=\"size-full wp-image-6656 aligncenter\" src=\"http:\/\/blog.cancaonova.com\/brasilia\/files\/2009\/11\/logoradio.jpg\" alt=\"\" width=\"106\" height=\"106\" \/><\/p>\n<p style=\"text-align: center\"><span style=\"color: #ff0000\"><strong>Voc\u00ea vai acompanhar tudo AO VIVO e exclusivo pela R\u00e1dio 89,1 FM!!!!<\/strong><\/span><\/p>\n<p style=\"text-align: center\"><span style=\"color: #000000\"><span>A <strong>R\u00e1dio Can\u00e7\u00e3o Nova<\/strong> estar\u00e1 presente na cobertura <strong>Cerim\u00f4nia de Assinatura dos Termos de Consigna\u00e7\u00e3o do Canal Digital da TVCN<\/strong>, que acontecer\u00e1 na <strong>ter\u00e7a-feira, \u00e0s 14 horas,na Sede do Minist\u00e9rio das Comunica\u00e7\u00f5es<\/strong>. Estar\u00e3o presentes: <strong>Eto, Luzia Santiago, Eros Biondini e Mirian Rios.<\/strong><\/span><\/span><\/p>\n<p style=\"text-align: center\"><em>Entenda um pouco mais sobre a TV Digital:<\/em><\/p>\n<p style=\"text-align: center\"><span style=\"color: #ff0000\"><object width=\"480\" height=\"385\"><param name=\"movie\" value=\"http:\/\/www.youtube.com\/v\/6a8gHmoMTqc\"><\/param><param name=\"allowFullScreen\" value=\"true\"><\/param><param name=\"allowscriptaccess\" value=\"always\"><\/param><embed src=\"http:\/\/www.youtube.com\/v\/6a8gHmoMTqc\" type=\"application\/x-shockwave-flash\" allowscriptaccess=\"always\" allowfullscreen=\"true\" width=\"480\" height=\"385\"><\/embed><\/object><br \/>\n<\/span><\/p>\n<p style=\"text-align: center\"><span style=\"color: #ff0000\"><em>Ajude-nos a divulgar essa Boa Nova, \u00e9 a 89.1 FM deixando voc\u00ea bem pertinho das Vit\u00f3rias de Deus na Can\u00e7\u00e3o Nova!!<\/em><\/span><\/p>\n","protected":false},"excerpt":{"rendered":"<p>&#8221; A miss\u00e3o que temos de Evangelizar pelos meios de Comunica\u00e7\u00e3o nos coloca hoje, frente a frente, com um novo desafio: a TV Digital. Essa nova tecnologia j\u00e1 \u00e9 realidade em algumas capitais do nosso Brasil e a TV Can\u00e7\u00e3o&#8230;<\/p>\n","protected":false},"author":1361,"featured_media":0,"comment_status":"open","ping_status":"open","sticky":false,"template":"","format":"standard","meta":{"_mi_skip_tracking":false,"_monsterinsights_sitenote_active":false,"_monsterinsights_sitenote_note":"","_monsterinsights_sitenote_category":0,"footnotes":""},"categories":[15747],"tags":[19296,6351,19613,25542],"_links":{"self":[{"href":"https:\/\/blog.cancaonova.com\/brasilia\/wp-json\/wp\/v2\/posts\/6682"}],"collection":[{"href":"https:\/\/blog.cancaonova.com\/brasilia\/wp-json\/wp\/v2\/posts"}],"about":[{"href":"https:\/\/blog.cancaonova.com\/brasilia\/wp-json\/wp\/v2\/types\/post"}],"author":[{"embeddable":true,"href":"https:\/\/blog.cancaonova.com\/brasilia\/wp-json\/wp\/v2\/users\/1361"}],"replies":[{"embeddable":true,"href":"https:\/\/blog.cancaonova.com\/brasilia\/wp-json\/wp\/v2\/comments?post=6682"}],"version-history":[{"count":8,"href":"https:\/\/blog.cancaonova.com\/brasilia\/wp-json\/wp\/v2\/posts\/6682\/revisions"}],"predecessor-version":[{"id":6691,"href":"https:\/\/blog.cancaonova.com\/brasilia\/wp-json\/wp\/v2\/posts\/6682\/revisions\/6691"}],"wp:attachment":[{"href":"https:\/\/blog.cancaonova.com\/brasilia\/wp-json\/wp\/v2\/media?parent=6682"}],"wp:term":[{"taxonomy":"category","embeddable":true,"href":"https:\/\/blog.cancaonova.com\/brasilia\/wp-json\/wp\/v2\/categories?post=6682"},{"taxonomy":"post_tag","embeddable":true,"href":"https:\/\/blog.cancaonova.com\/brasilia\/wp-json\/wp\/v2\/tags?post=6682"}],"curies":[{"name":"wp","href":"https:\/\/api.w.org\/{rel}","templated":true}]}}