{"id":6692,"date":"2009-11-17T15:34:04","date_gmt":"2009-11-17T18:34:04","guid":{"rendered":"http:\/\/blog.cancaonova.com\/brasilia\/?p=6692"},"modified":"2009-11-17T15:34:04","modified_gmt":"2009-11-17T18:34:04","slug":"estamos-no-mundo-digital","status":"publish","type":"post","link":"https:\/\/blog.cancaonova.com\/brasilia\/estamos-no-mundo-digital\/","title":{"rendered":"Estamos no Mundo Digital!!!!!!"},"content":{"rendered":"<p style=\"text-align: center\">Confira o pronunciamento emocionante do <strong>Eto<\/strong>, <em>vice-presidente da Funda\u00e7\u00e3o Jo\u00e3o Paulo II<\/em>, durante a <strong>Cerim\u00f4nia HIST\u00d3RICA DA ENTRADA OFICIAL DA TV CAN\u00c7\u00c3O NOVA PARA A ERA DIGITAL!!!!<\/strong><\/p>\n<p style=\"text-align: center\"><object width=\"480\" height=\"385\"><param name=\"movie\" value=\"http:\/\/www.youtube.com\/v\/4A-DFDehoiQ\"><\/param><param name=\"allowFullScreen\" value=\"true\"><\/param><param name=\"allowscriptaccess\" value=\"always\"><\/param><embed src=\"http:\/\/www.youtube.com\/v\/4A-DFDehoiQ\" type=\"application\/x-shockwave-flash\" allowscriptaccess=\"always\" allowfullscreen=\"true\" width=\"480\" height=\"385\"><\/embed><\/object>\n<\/p>\n<p style=\"text-align: center\"><em>No pr\u00f3ximo post, fotos exclusivas pra voc\u00ea!!!<\/em><\/p>\n","protected":false},"excerpt":{"rendered":"<p>Confira o pronunciamento emocionante do Eto, vice-presidente da Funda\u00e7\u00e3o Jo\u00e3o Paulo II, durante a Cerim\u00f4nia HIST\u00d3RICA DA ENTRADA OFICIAL DA TV CAN\u00c7\u00c3O NOVA PARA A ERA DIGITAL!!!! No pr\u00f3ximo post, fotos exclusivas pra voc\u00ea!!!<\/p>\n","protected":false},"author":1361,"featured_media":0,"comment_status":"open","ping_status":"open","sticky":false,"template":"","format":"standard","meta":{"_mi_skip_tracking":false,"_monsterinsights_sitenote_active":false,"_monsterinsights_sitenote_note":"","_monsterinsights_sitenote_category":0,"footnotes":""},"categories":[1331],"tags":[19296,6351,17044,25542],"_links":{"self":[{"href":"https:\/\/blog.cancaonova.com\/brasilia\/wp-json\/wp\/v2\/posts\/6692"}],"collection":[{"href":"https:\/\/blog.cancaonova.com\/brasilia\/wp-json\/wp\/v2\/posts"}],"about":[{"href":"https:\/\/blog.cancaonova.com\/brasilia\/wp-json\/wp\/v2\/types\/post"}],"author":[{"embeddable":true,"href":"https:\/\/blog.cancaonova.com\/brasilia\/wp-json\/wp\/v2\/users\/1361"}],"replies":[{"embeddable":true,"href":"https:\/\/blog.cancaonova.com\/brasilia\/wp-json\/wp\/v2\/comments?post=6692"}],"version-history":[{"count":2,"href":"https:\/\/blog.cancaonova.com\/brasilia\/wp-json\/wp\/v2\/posts\/6692\/revisions"}],"predecessor-version":[{"id":6694,"href":"https:\/\/blog.cancaonova.com\/brasilia\/wp-json\/wp\/v2\/posts\/6692\/revisions\/6694"}],"wp:attachment":[{"href":"https:\/\/blog.cancaonova.com\/brasilia\/wp-json\/wp\/v2\/media?parent=6692"}],"wp:term":[{"taxonomy":"category","embeddable":true,"href":"https:\/\/blog.cancaonova.com\/brasilia\/wp-json\/wp\/v2\/categories?post=6692"},{"taxonomy":"post_tag","embeddable":true,"href":"https:\/\/blog.cancaonova.com\/brasilia\/wp-json\/wp\/v2\/tags?post=6692"}],"curies":[{"name":"wp","href":"https:\/\/api.w.org\/{rel}","templated":true}]}}