{"id":6708,"date":"2009-11-18T11:50:30","date_gmt":"2009-11-18T14:50:30","guid":{"rendered":"http:\/\/blog.cancaonova.com\/brasilia\/?p=6708"},"modified":"2009-11-18T11:50:30","modified_gmt":"2009-11-18T14:50:30","slug":"para-rezar-aprendendo-a-perder","status":"publish","type":"post","link":"https:\/\/blog.cancaonova.com\/brasilia\/para-rezar-aprendendo-a-perder\/","title":{"rendered":"Para rezar: \"Aprendendo a perder\""},"content":{"rendered":"<p style=\"text-align: center\"><img loading=\"lazy\" decoding=\"async\" class=\"aligncenter size-full wp-image-6709\" src=\"http:\/\/blog.cancaonova.com\/brasilia\/files\/2009\/11\/horizonte.jpg\" alt=\"\" width=\"465\" height=\"177\" \/><\/p>\n<p style=\"text-align: center\"><span class=\"style2\"><strong>S\u00f3 ganha na vida quem sabe perder!<\/strong> <\/span><\/p>\n<p><span class=\"style2\">\u00c9 preciso que tenhamos sabedoria e <em>for\u00e7a interior para perder<\/em> <em>pontos de vista, iniciativas, a pr\u00f3pria vez e a chance que pens\u00e1vamos ter conseguido.<\/em><br \/>\nMais for\u00e7a ainda precisamos ter para perder algo para algu\u00e9m, quando este \u00e9 uma pessoa querida, ou se a perda foi causada por trai\u00e7\u00e3o ou por algum tipo de injusti\u00e7a.<\/span><\/p>\n<p>Por\u00e9m, a verdade \u00e9 que existe o tempo da perda e <strong>s\u00f3 fica de p\u00e9 quem tem um horizonte mais amplo<\/strong>, uma meta definida e clara nessas ocasi\u00f5es. E, assim, <em>aprendemos a considerar tais priva\u00e7\u00f5es como pesos que vamos largando ao longo do caminho, de modo que nos tornamos mais leves<\/em>, para que possamos voar cada vez mais alto.<\/p>\n<p>Eu sei que d\u00f3i muito quando o que se perde s\u00e3o pessoas, mas entenda que o que n\u00e3o nos pertence, na realidade, nunca foi nosso!<\/p>\n<p style=\"text-align: right\"><span class=\"style2\">Com carinho e ora\u00e7\u00f5es,<br \/>\n<\/span><br \/>\n<span class=\"style2\">Seu irm\u00e3o,<br \/>\n<strong><em>Ricardo S\u00e1 <\/em><\/strong><\/span><\/p>\n","protected":false},"excerpt":{"rendered":"<p>S\u00f3 ganha na vida quem sabe perder! \u00c9 preciso que tenhamos sabedoria e for\u00e7a interior para perder pontos de vista, iniciativas, a pr\u00f3pria vez e a chance que pens\u00e1vamos ter conseguido. Mais for\u00e7a ainda precisamos ter para perder algo para&#8230;<\/p>\n","protected":false},"author":1361,"featured_media":0,"comment_status":"open","ping_status":"open","sticky":false,"template":"","format":"standard","meta":{"_mi_skip_tracking":false,"_monsterinsights_sitenote_active":false,"_monsterinsights_sitenote_note":"","_monsterinsights_sitenote_category":0,"footnotes":""},"categories":[23],"tags":[19296,6351,15992],"_links":{"self":[{"href":"https:\/\/blog.cancaonova.com\/brasilia\/wp-json\/wp\/v2\/posts\/6708"}],"collection":[{"href":"https:\/\/blog.cancaonova.com\/brasilia\/wp-json\/wp\/v2\/posts"}],"about":[{"href":"https:\/\/blog.cancaonova.com\/brasilia\/wp-json\/wp\/v2\/types\/post"}],"author":[{"embeddable":true,"href":"https:\/\/blog.cancaonova.com\/brasilia\/wp-json\/wp\/v2\/users\/1361"}],"replies":[{"embeddable":true,"href":"https:\/\/blog.cancaonova.com\/brasilia\/wp-json\/wp\/v2\/comments?post=6708"}],"version-history":[{"count":3,"href":"https:\/\/blog.cancaonova.com\/brasilia\/wp-json\/wp\/v2\/posts\/6708\/revisions"}],"predecessor-version":[{"id":6712,"href":"https:\/\/blog.cancaonova.com\/brasilia\/wp-json\/wp\/v2\/posts\/6708\/revisions\/6712"}],"wp:attachment":[{"href":"https:\/\/blog.cancaonova.com\/brasilia\/wp-json\/wp\/v2\/media?parent=6708"}],"wp:term":[{"taxonomy":"category","embeddable":true,"href":"https:\/\/blog.cancaonova.com\/brasilia\/wp-json\/wp\/v2\/categories?post=6708"},{"taxonomy":"post_tag","embeddable":true,"href":"https:\/\/blog.cancaonova.com\/brasilia\/wp-json\/wp\/v2\/tags?post=6708"}],"curies":[{"name":"wp","href":"https:\/\/api.w.org\/{rel}","templated":true}]}}