{"id":6744,"date":"2009-11-24T16:04:11","date_gmt":"2009-11-24T19:04:11","guid":{"rendered":"http:\/\/blog.cancaonova.com\/brasilia\/?p=6744"},"modified":"2009-11-24T16:04:11","modified_gmt":"2009-11-24T19:04:11","slug":"para-rezar-para-que-servem-nossas-fraquezas","status":"publish","type":"post","link":"https:\/\/blog.cancaonova.com\/brasilia\/para-rezar-para-que-servem-nossas-fraquezas\/","title":{"rendered":"Para rezar: \"Para que servem nossas fraquezas?\""},"content":{"rendered":"<p><img loading=\"lazy\" decoding=\"async\" class=\"aligncenter size-full wp-image-6745\" src=\"http:\/\/blog.cancaonova.com\/brasilia\/files\/2009\/11\/pensativo.jpg\" alt=\"\" width=\"470\" height=\"194\" \/><\/p>\n<p style=\"text-align: center\"><span class=\"style2\">Acredite que <strong>Deus \u00e9 Deus<\/strong> e isso significa que <span style=\"color: #ff0000\"><em>se dissermos &#8220;sim&#8221; a Ele, mesmo sem for\u00e7as, O veremos \u00e0 nossa frente realizando o que \u00e9 imposs\u00edvel! <\/em><\/span><br \/>\n\u00c9 assim que transformamos fraquezas em portas por onde o Senhor pode entrar; elas n\u00e3o ser\u00e3o mais motivos para que nos afastemos do Amor d&#8217;Ele.<br \/>\n<em>Nossas fraquezas ser\u00e3o nossa mais sincera ora\u00e7\u00e3o!<\/em><br \/>\nMas, se pela perda de for\u00e7as dissermos &#8220;n\u00e3o&#8221;, jamais veremos o Senhor caminhando \u00e0 nossa frente, abrindo caminhos, dando-nos for\u00e7as novas, antes desconhecidas.<br \/>\nVoc\u00ea precisa fazer esta experi\u00eancia!<\/span><\/p>\n<p style=\"text-align: center\"><em>Seu irm\u00e3o<br \/>\nRicardo S\u00e1<\/em><\/p>\n<p style=\"text-align: center\"><object width=\"480\" height=\"385\"><param name=\"movie\" value=\"http:\/\/www.youtube.com\/v\/y7-o78lbqDk\"><\/param><param name=\"allowFullScreen\" value=\"true\"><\/param><param name=\"allowscriptaccess\" value=\"always\"><\/param><embed src=\"http:\/\/www.youtube.com\/v\/y7-o78lbqDk\" type=\"application\/x-shockwave-flash\" allowscriptaccess=\"always\" allowfullscreen=\"true\" width=\"480\" height=\"385\"><\/embed><\/object>\n<\/p>\n<p style=\"text-align: center\"><em>Te louvo em Verdade &#8211; Rosa de Saron<\/em><\/p>\n","protected":false},"excerpt":{"rendered":"<p>Acredite que Deus \u00e9 Deus e isso significa que se dissermos &#8220;sim&#8221; a Ele, mesmo sem for\u00e7as, O veremos \u00e0 nossa frente realizando o que \u00e9 imposs\u00edvel! \u00c9 assim que transformamos fraquezas em portas por onde o Senhor pode entrar;&#8230;<\/p>\n","protected":false},"author":1361,"featured_media":0,"comment_status":"open","ping_status":"open","sticky":false,"template":"","format":"standard","meta":{"_mi_skip_tracking":false,"_monsterinsights_sitenote_active":false,"_monsterinsights_sitenote_note":"","_monsterinsights_sitenote_category":0,"footnotes":""},"categories":[23],"tags":[19296,6351,15992],"_links":{"self":[{"href":"https:\/\/blog.cancaonova.com\/brasilia\/wp-json\/wp\/v2\/posts\/6744"}],"collection":[{"href":"https:\/\/blog.cancaonova.com\/brasilia\/wp-json\/wp\/v2\/posts"}],"about":[{"href":"https:\/\/blog.cancaonova.com\/brasilia\/wp-json\/wp\/v2\/types\/post"}],"author":[{"embeddable":true,"href":"https:\/\/blog.cancaonova.com\/brasilia\/wp-json\/wp\/v2\/users\/1361"}],"replies":[{"embeddable":true,"href":"https:\/\/blog.cancaonova.com\/brasilia\/wp-json\/wp\/v2\/comments?post=6744"}],"version-history":[{"count":3,"href":"https:\/\/blog.cancaonova.com\/brasilia\/wp-json\/wp\/v2\/posts\/6744\/revisions"}],"predecessor-version":[{"id":6748,"href":"https:\/\/blog.cancaonova.com\/brasilia\/wp-json\/wp\/v2\/posts\/6744\/revisions\/6748"}],"wp:attachment":[{"href":"https:\/\/blog.cancaonova.com\/brasilia\/wp-json\/wp\/v2\/media?parent=6744"}],"wp:term":[{"taxonomy":"category","embeddable":true,"href":"https:\/\/blog.cancaonova.com\/brasilia\/wp-json\/wp\/v2\/categories?post=6744"},{"taxonomy":"post_tag","embeddable":true,"href":"https:\/\/blog.cancaonova.com\/brasilia\/wp-json\/wp\/v2\/tags?post=6744"}],"curies":[{"name":"wp","href":"https:\/\/api.w.org\/{rel}","templated":true}]}}