{"id":6749,"date":"2009-11-25T11:39:51","date_gmt":"2009-11-25T14:39:51","guid":{"rendered":"http:\/\/blog.cancaonova.com\/brasilia\/?p=6749"},"modified":"2009-11-25T11:39:51","modified_gmt":"2009-11-25T14:39:51","slug":"pe-fabio-de-melo-fazer-a-vontade-de-deus","status":"publish","type":"post","link":"https:\/\/blog.cancaonova.com\/brasilia\/pe-fabio-de-melo-fazer-a-vontade-de-deus\/","title":{"rendered":"Pe F\u00e1bio de Melo: \"Fazer a vontade de Deus\""},"content":{"rendered":"<p style=\"text-align: center\"><object width=\"480\" height=\"385\"><param name=\"movie\" value=\"http:\/\/www.youtube.com\/v\/w-vuvdydudA\"><\/param><param name=\"allowFullScreen\" value=\"true\"><\/param><param name=\"allowscriptaccess\" value=\"always\"><\/param><embed src=\"http:\/\/www.youtube.com\/v\/w-vuvdydudA\" type=\"application\/x-shockwave-flash\" allowscriptaccess=\"always\" allowfullscreen=\"true\" width=\"480\" height=\"385\"><\/embed><\/object>\n<\/p>\n<p style=\"text-align: center\"><em>Programa Dire\u00e7\u00e3o Espiritual &#8211; todas as quintas \u00e0s 22h30<\/em><\/p>\n","protected":false},"excerpt":{"rendered":"<p>Programa Dire\u00e7\u00e3o Espiritual &#8211; todas as quintas \u00e0s 22h30<\/p>\n","protected":false},"author":1361,"featured_media":0,"comment_status":"open","ping_status":"open","sticky":false,"template":"","format":"standard","meta":{"_mi_skip_tracking":false,"_monsterinsights_sitenote_active":false,"_monsterinsights_sitenote_note":"","_monsterinsights_sitenote_category":0,"footnotes":""},"categories":[23],"tags":[19296,6351,26094,24403],"_links":{"self":[{"href":"https:\/\/blog.cancaonova.com\/brasilia\/wp-json\/wp\/v2\/posts\/6749"}],"collection":[{"href":"https:\/\/blog.cancaonova.com\/brasilia\/wp-json\/wp\/v2\/posts"}],"about":[{"href":"https:\/\/blog.cancaonova.com\/brasilia\/wp-json\/wp\/v2\/types\/post"}],"author":[{"embeddable":true,"href":"https:\/\/blog.cancaonova.com\/brasilia\/wp-json\/wp\/v2\/users\/1361"}],"replies":[{"embeddable":true,"href":"https:\/\/blog.cancaonova.com\/brasilia\/wp-json\/wp\/v2\/comments?post=6749"}],"version-history":[{"count":2,"href":"https:\/\/blog.cancaonova.com\/brasilia\/wp-json\/wp\/v2\/posts\/6749\/revisions"}],"predecessor-version":[{"id":6751,"href":"https:\/\/blog.cancaonova.com\/brasilia\/wp-json\/wp\/v2\/posts\/6749\/revisions\/6751"}],"wp:attachment":[{"href":"https:\/\/blog.cancaonova.com\/brasilia\/wp-json\/wp\/v2\/media?parent=6749"}],"wp:term":[{"taxonomy":"category","embeddable":true,"href":"https:\/\/blog.cancaonova.com\/brasilia\/wp-json\/wp\/v2\/categories?post=6749"},{"taxonomy":"post_tag","embeddable":true,"href":"https:\/\/blog.cancaonova.com\/brasilia\/wp-json\/wp\/v2\/tags?post=6749"}],"curies":[{"name":"wp","href":"https:\/\/api.w.org\/{rel}","templated":true}]}}