{"id":6752,"date":"2009-11-26T13:18:38","date_gmt":"2009-11-26T16:18:38","guid":{"rendered":"http:\/\/blog.cancaonova.com\/brasilia\/?p=6752"},"modified":"2009-11-26T13:18:38","modified_gmt":"2009-11-26T16:18:38","slug":"tv-cn-20-anos-um-programa-de-vida","status":"publish","type":"post","link":"https:\/\/blog.cancaonova.com\/brasilia\/tv-cn-20-anos-um-programa-de-vida\/","title":{"rendered":"TV CN 20 anos - Um programa de vida!"},"content":{"rendered":"<p style=\"text-align: center\"><span style=\"color: #0000ff\"><strong>Conhe\u00e7a um pouco mais da Hist\u00f3ria da TVCN<\/strong><\/span><\/p>\n<p style=\"text-align: center\"><object width=\"480\" height=\"385\"><param name=\"movie\" value=\"http:\/\/www.youtube.com\/v\/hEAMiIru_Zc\"><\/param><param name=\"allowFullScreen\" value=\"true\"><\/param><param name=\"allowscriptaccess\" value=\"always\"><\/param><embed src=\"http:\/\/www.youtube.com\/v\/hEAMiIru_Zc\" type=\"application\/x-shockwave-flash\" allowscriptaccess=\"always\" allowfullscreen=\"true\" width=\"480\" height=\"385\"><\/embed><\/object>\n<\/p>\n<p style=\"text-align: center\">\n<p style=\"text-align: center\"><em><strong>TVCN 20 anos de Evangeliza\u00e7\u00e3o!<\/strong><\/em><\/p>\n","protected":false},"excerpt":{"rendered":"<p>Conhe\u00e7a um pouco mais da Hist\u00f3ria da TVCN TVCN 20 anos de Evangeliza\u00e7\u00e3o!<\/p>\n","protected":false},"author":1361,"featured_media":0,"comment_status":"open","ping_status":"open","sticky":false,"template":"","format":"standard","meta":{"_mi_skip_tracking":false,"_monsterinsights_sitenote_active":false,"_monsterinsights_sitenote_note":"","_monsterinsights_sitenote_category":0,"footnotes":""},"categories":[1331],"tags":[19296,6351,16665],"_links":{"self":[{"href":"https:\/\/blog.cancaonova.com\/brasilia\/wp-json\/wp\/v2\/posts\/6752"}],"collection":[{"href":"https:\/\/blog.cancaonova.com\/brasilia\/wp-json\/wp\/v2\/posts"}],"about":[{"href":"https:\/\/blog.cancaonova.com\/brasilia\/wp-json\/wp\/v2\/types\/post"}],"author":[{"embeddable":true,"href":"https:\/\/blog.cancaonova.com\/brasilia\/wp-json\/wp\/v2\/users\/1361"}],"replies":[{"embeddable":true,"href":"https:\/\/blog.cancaonova.com\/brasilia\/wp-json\/wp\/v2\/comments?post=6752"}],"version-history":[{"count":7,"href":"https:\/\/blog.cancaonova.com\/brasilia\/wp-json\/wp\/v2\/posts\/6752\/revisions"}],"predecessor-version":[{"id":6759,"href":"https:\/\/blog.cancaonova.com\/brasilia\/wp-json\/wp\/v2\/posts\/6752\/revisions\/6759"}],"wp:attachment":[{"href":"https:\/\/blog.cancaonova.com\/brasilia\/wp-json\/wp\/v2\/media?parent=6752"}],"wp:term":[{"taxonomy":"category","embeddable":true,"href":"https:\/\/blog.cancaonova.com\/brasilia\/wp-json\/wp\/v2\/categories?post=6752"},{"taxonomy":"post_tag","embeddable":true,"href":"https:\/\/blog.cancaonova.com\/brasilia\/wp-json\/wp\/v2\/tags?post=6752"}],"curies":[{"name":"wp","href":"https:\/\/api.w.org\/{rel}","templated":true}]}}