{"id":6765,"date":"2009-11-30T10:33:35","date_gmt":"2009-11-30T13:33:35","guid":{"rendered":"http:\/\/blog.cancaonova.com\/brasilia\/?p=6765"},"modified":"2009-11-30T10:33:35","modified_gmt":"2009-11-30T13:33:35","slug":"advento-tempo-de-alegria-diz-bento-xvi","status":"publish","type":"post","link":"https:\/\/blog.cancaonova.com\/brasilia\/advento-tempo-de-alegria-diz-bento-xvi\/","title":{"rendered":"Advento: Tempo de Alegria, diz Bento XVI"},"content":{"rendered":"<p><img loading=\"lazy\" decoding=\"async\" class=\"aligncenter size-full wp-image-6766\" src=\"http:\/\/blog.cancaonova.com\/brasilia\/files\/2009\/11\/advento.jpg\" alt=\"\" width=\"470\" height=\"167\" \/><\/p>\n<p><em>Bento XVI<\/em> presidiu este S\u00e1bado \u00e0 celebra\u00e7\u00e3o das primeiras V\u00e9speras do I Domingo do Advento, considerando que o <strong>tempo lit\u00fargico de prepara\u00e7\u00e3o para o Natal \u00e9 de alegria interiorizada.<\/strong><\/p>\n<div>\n<p>A homilia do Papa concentrou-se no sentido da palavra \u201cvinda\u201d (em latim, \u201cadventus\u201d), contida no Leitura breve proclamada, extra\u00edda da I Carta aos Tessalonicenses, em que <em>o ap\u00f3stolo Paulo nos convida a preparar a \u201cvinda de nosso Senhor Jesus Cristo\u201d.<\/em><\/p>\n<p>Classificando o <strong>Advento como \u201ctempo da presen\u00e7a e da expectativa do eterno\u201d,<\/strong> Bento XVI observou que precisamente por isso \u00e9, de modo especial, <strong>tempo de alegria.<\/strong><\/p>\n<p>O Papa fez notar que no mundo antigo, advento era o termo t\u00e9cnico para indicar a chegada de um funcion\u00e1rio, ou a visita de um rei ou imperador. Podia indicar tamb\u00e9m a vinda de uma divindade, que sai do escondimento para manifestar a sua pot\u00eancia, ou que \u00e9 celebrada no culto. Usando esta palavra desde o in\u00edcio da historia da Igreja , os crist\u00e3os queriam substancialmente dizer: \u201cDeus est\u00e1 aqui, n\u00e3o se retirou do mundo, n\u00e3o nos deixou s\u00f3s. Embora n\u00e3o o possamos ver e tocar, como acontece com as realidades sens\u00edveis, Ele est\u00e1 aqui e vem visitar-nos de m\u00faltiplos modos\u201d.<\/p>\n<p>Para Bento XVI, a <strong>express\u00e3o \u201cadvento\u201d inclui tamb\u00e9m a ideia de \u201cvisita\u201d, visita de Deus<\/strong>, que \u201centra na minha vida e quer dirigir-se a mim\u201d.<\/p>\n<p><strong>\u201cOutro elemento fundamental do Advento \u2013 observou ainda o Papa \u2013 \u00e9 a espera, expectativa, que \u00e9 ao mesmo tempo \u2018esperan\u00e7a\u2019. <\/strong>O Advento estimula-nos a captar o sentido do tempo e da hist\u00f3ria como \u2018kair\u00f3s\u2019, como ocasi\u00e3o favor\u00e1vel para a nossa salva\u00e7\u00e3o\u201d. \u201cO homem, na sua vida, est\u00e1 permanentemente em expectativa, \u00e0 espera: quando \u00e9 crian\u00e7a, quer crescer; como adulto, tende \u00e0 realiza\u00e7\u00e3o e ao sucesso; avan\u00e7ando na idade, aspira a um merecido repouso. Mas chega um momento em que descobre que esperou demasiado pouco de si mesmo; para al\u00e9m da profiss\u00e3o e da posi\u00e7\u00e3o social, nada lhe resta para esperar\u201d.<\/p>\n<p><strong>\u201cA esperan\u00e7a marca o caminho da humanidade. Mas, para os crist\u00e3os, a esperan\u00e7a encontra-se animada por uma certeza: que o Senhor est\u00e1 presente no fluir da nossa vida<\/strong>, Ele acompanha-nos e um dia enxugar\u00e1 as nossas l\u00e1grimas. Um dia, n\u00e3o muito distante, tudo encontrar\u00e1 o seu cumprimento, no Reino de Deus, Reino de justi\u00e7a e de paz\u201d, prosseguiur.<\/p>\n<p><em>Bento XVI<\/em> convidou os fi\u00e9is a <em>\u201cviver intensamente o presente\u201d<\/em>, com os dons do Senhor que comporta, \u201cprojectados para o futuro, um futuro denso de esperan\u00e7a\u201d. \u201cSe Jesus est\u00e1 presente, j\u00e1 n\u00e3o existe qualquer momento privado de sentido, ou vazio. Se Ele est\u00e1 presente, podemos continuar a esperar mesmo quando os outros j\u00e1 n\u00e3o s\u00e3o capazes de nos ajudar, mesmo quando o presente se torna dif\u00edcil, \u00e1rduo\u201d.<\/p>\n<p><strong>\u201cO Advento \u2013 concluiu Bento XVI \u2013 \u00e9 o tempo da presen\u00e7a e da expectativa do eterno.<\/strong> Precisamente por esta raz\u00e3o \u00e9, de modo particular, o tempo da alegria, de uma alegria interiorizada, que nenhum sofrimento pode anular. A alegria pelo facto de que Deus se fez menino. \u00c9 esta alegria, invisivelmente presente em n\u00f3s, que nos encoraja a caminhar confiantes\u201d.<\/p>\n<p style=\"text-align: right\"><em>Fonte: Ag\u00eancia Ecclessia<\/em><\/p>\n<\/div>\n","protected":false},"excerpt":{"rendered":"<p>Bento XVI presidiu este S\u00e1bado \u00e0 celebra\u00e7\u00e3o das primeiras V\u00e9speras do I Domingo do Advento, considerando que o tempo lit\u00fargico de prepara\u00e7\u00e3o para o Natal \u00e9 de alegria interiorizada. A homilia do Papa concentrou-se no sentido da palavra \u201cvinda\u201d (em&#8230;<\/p>\n","protected":false},"author":1361,"featured_media":0,"comment_status":"open","ping_status":"open","sticky":false,"template":"","format":"standard","meta":{"_mi_skip_tracking":false,"_monsterinsights_sitenote_active":false,"_monsterinsights_sitenote_note":"","_monsterinsights_sitenote_category":0,"footnotes":""},"categories":[23],"tags":[9931,16680,19296,6351,2231],"_links":{"self":[{"href":"https:\/\/blog.cancaonova.com\/brasilia\/wp-json\/wp\/v2\/posts\/6765"}],"collection":[{"href":"https:\/\/blog.cancaonova.com\/brasilia\/wp-json\/wp\/v2\/posts"}],"about":[{"href":"https:\/\/blog.cancaonova.com\/brasilia\/wp-json\/wp\/v2\/types\/post"}],"author":[{"embeddable":true,"href":"https:\/\/blog.cancaonova.com\/brasilia\/wp-json\/wp\/v2\/users\/1361"}],"replies":[{"embeddable":true,"href":"https:\/\/blog.cancaonova.com\/brasilia\/wp-json\/wp\/v2\/comments?post=6765"}],"version-history":[{"count":3,"href":"https:\/\/blog.cancaonova.com\/brasilia\/wp-json\/wp\/v2\/posts\/6765\/revisions"}],"predecessor-version":[{"id":6769,"href":"https:\/\/blog.cancaonova.com\/brasilia\/wp-json\/wp\/v2\/posts\/6765\/revisions\/6769"}],"wp:attachment":[{"href":"https:\/\/blog.cancaonova.com\/brasilia\/wp-json\/wp\/v2\/media?parent=6765"}],"wp:term":[{"taxonomy":"category","embeddable":true,"href":"https:\/\/blog.cancaonova.com\/brasilia\/wp-json\/wp\/v2\/categories?post=6765"},{"taxonomy":"post_tag","embeddable":true,"href":"https:\/\/blog.cancaonova.com\/brasilia\/wp-json\/wp\/v2\/tags?post=6765"}],"curies":[{"name":"wp","href":"https:\/\/api.w.org\/{rel}","templated":true}]}}