{"id":6823,"date":"2009-12-08T13:32:23","date_gmt":"2009-12-08T16:32:23","guid":{"rendered":"http:\/\/blog.cancaonova.com\/brasilia\/?p=6823"},"modified":"2009-12-08T13:32:23","modified_gmt":"2009-12-08T16:32:23","slug":"um-presente-para-monsenhor-jonas","status":"publish","type":"post","link":"https:\/\/blog.cancaonova.com\/brasilia\/um-presente-para-monsenhor-jonas\/","title":{"rendered":"Um presente para Monsenhor Jonas!!!"},"content":{"rendered":"<p style=\"text-align: center\">No dia em que <span style=\"color: #ff0000\"><a href=\"http:\/\/www.cancaonova.com\/portal\/canais\/pejonas\/informativos.php?id=2169\" target=\"_blank\"><strong>Monsenhor Jonas Abib<\/strong><\/a> <\/span>completa <span style=\"color: #0000ff\"><em>45 anos de sacerd\u00f3cio<\/em>,<\/span> as <strong><a href=\"http:\/\/wiki.cancaonova.com\/index.php\/Rel%C3%ADquia\" target=\"_blank\">rel\u00edquias<\/a><\/strong> de <em><span style=\"color: #0000ff\">Dom Bosco<\/span><\/em>, <strong><a href=\"http:\/\/www.cancaonova.com\/portal\/canais\/eventos\/novoeventos\/cobertura.php?tit=Celebra%E7%E3o%20de%20acolhida%20marca%20chegada%20da%20urna%20de%20Dom%20Bosco%20na%20Can%E7%E3o%20Nova&amp;cod=2377&amp;sob=6651\" target=\"_blank\">visita a sede da Can\u00e7\u00e3o Nova<\/a><\/strong> em Cachoeira Paulista!<br \/>\nNada mais providencial para nosso Pai Fundador!!! Um verdadeiro Presente do C\u00e9u para ele!!<\/p>\n<p style=\"text-align: center\"><span style=\"color: #ff0000\">Parab\u00e9ns Monsenhor, n\u00f3s te amamos!!!!!<\/span><\/p>\n<p style=\"text-align: center\"><em>Confira algumas fotos:<\/em><\/p>\n<p style=\"text-align: center\"><img loading=\"lazy\" decoding=\"async\" class=\"aligncenter size-full wp-image-6824\" src=\"http:\/\/blog.cancaonova.com\/brasilia\/files\/2009\/12\/08_eventos_001.jpg\" alt=\"\" width=\"370\" height=\"247\" \/><\/p>\n<p style=\"text-align: center\"><em>Diante da Urna com as rel\u00edquias de Dom Bosco<\/em><\/p>\n<p style=\"text-align: center\"><img loading=\"lazy\" decoding=\"async\" class=\"aligncenter size-full wp-image-6825\" src=\"http:\/\/blog.cancaonova.com\/brasilia\/files\/2009\/12\/4169272152_0154eb13d4.jpg\" alt=\"\" width=\"400\" height=\"266\" \/><\/p>\n<p style=\"text-align: center\"><em>Cerim\u00f4nia de acolhida<\/em><\/p>\n<p style=\"text-align: center\"><strong><a href=\"http:\/\/www.flickr.com\/photos\/cancaonova\/sets\/72157622960485496\/\" target=\"_blank\"><span style=\"color: #0033cc\">+ fotos no Flick<span style=\"color: #cc0000\">r<\/span><\/span><\/a><\/strong><\/p>\n","protected":false},"excerpt":{"rendered":"<p>No dia em que Monsenhor Jonas Abib completa 45 anos de sacerd\u00f3cio, as rel\u00edquias de Dom Bosco, visita a sede da Can\u00e7\u00e3o Nova em Cachoeira Paulista! Nada mais providencial para nosso Pai Fundador!!! Um verdadeiro Presente do C\u00e9u para ele!!&#8230;<\/p>\n","protected":false},"author":1361,"featured_media":0,"comment_status":"open","ping_status":"open","sticky":false,"template":"","format":"standard","meta":{"_mi_skip_tracking":false,"_monsterinsights_sitenote_active":false,"_monsterinsights_sitenote_note":"","_monsterinsights_sitenote_category":0,"footnotes":""},"categories":[1331],"tags":[19296,6351,19547,18559],"_links":{"self":[{"href":"https:\/\/blog.cancaonova.com\/brasilia\/wp-json\/wp\/v2\/posts\/6823"}],"collection":[{"href":"https:\/\/blog.cancaonova.com\/brasilia\/wp-json\/wp\/v2\/posts"}],"about":[{"href":"https:\/\/blog.cancaonova.com\/brasilia\/wp-json\/wp\/v2\/types\/post"}],"author":[{"embeddable":true,"href":"https:\/\/blog.cancaonova.com\/brasilia\/wp-json\/wp\/v2\/users\/1361"}],"replies":[{"embeddable":true,"href":"https:\/\/blog.cancaonova.com\/brasilia\/wp-json\/wp\/v2\/comments?post=6823"}],"version-history":[{"count":6,"href":"https:\/\/blog.cancaonova.com\/brasilia\/wp-json\/wp\/v2\/posts\/6823\/revisions"}],"predecessor-version":[{"id":6831,"href":"https:\/\/blog.cancaonova.com\/brasilia\/wp-json\/wp\/v2\/posts\/6823\/revisions\/6831"}],"wp:attachment":[{"href":"https:\/\/blog.cancaonova.com\/brasilia\/wp-json\/wp\/v2\/media?parent=6823"}],"wp:term":[{"taxonomy":"category","embeddable":true,"href":"https:\/\/blog.cancaonova.com\/brasilia\/wp-json\/wp\/v2\/categories?post=6823"},{"taxonomy":"post_tag","embeddable":true,"href":"https:\/\/blog.cancaonova.com\/brasilia\/wp-json\/wp\/v2\/tags?post=6823"}],"curies":[{"name":"wp","href":"https:\/\/api.w.org\/{rel}","templated":true}]}}