{"id":6832,"date":"2009-12-10T10:57:14","date_gmt":"2009-12-10T13:57:14","guid":{"rendered":"http:\/\/blog.cancaonova.com\/brasilia\/?p=6832"},"modified":"2009-12-10T10:57:14","modified_gmt":"2009-12-10T13:57:14","slug":"quinta-feira-de-cura-interior","status":"publish","type":"post","link":"https:\/\/blog.cancaonova.com\/brasilia\/quinta-feira-de-cura-interior\/","title":{"rendered":"Quinta-feira de Cura Interior!!!"},"content":{"rendered":"<p style=\"text-align: center\"><img loading=\"lazy\" decoding=\"async\" class=\"aligncenter size-full wp-image-5511\" src=\"http:\/\/blog.cancaonova.com\/brasilia\/files\/2009\/06\/grupo.jpg\" alt=\"\" width=\"480\" height=\"328\" \/><\/p>\n<p style=\"text-align: center\"><strong>Informa\u00e7\u00f5es:<\/strong><\/p>\n<p style=\"text-align: center\"><img loading=\"lazy\" decoding=\"async\" class=\"aligncenter size-full wp-image-5620\" src=\"http:\/\/blog.cancaonova.com\/brasilia\/files\/2009\/07\/fone.gif\" alt=\"\" width=\"144\" height=\"100\" \/><\/p>\n<h1 style=\"text-align: center\"><strong><span style=\"color: #ff0000\">(61) 3252-7050<\/span><\/strong><\/h1>\n<p style=\"text-align: center\">Loja Can\u00e7\u00e3o Nova<\/p>\n","protected":false},"excerpt":{"rendered":"<p>Informa\u00e7\u00f5es: (61) 3252-7050 Loja Can\u00e7\u00e3o Nova<\/p>\n","protected":false},"author":1361,"featured_media":0,"comment_status":"open","ping_status":"open","sticky":false,"template":"","format":"standard","meta":{"_mi_skip_tracking":false,"_monsterinsights_sitenote_active":false,"_monsterinsights_sitenote_note":"","_monsterinsights_sitenote_category":0,"footnotes":""},"categories":[1331],"tags":[19296,6351,6,18791],"_links":{"self":[{"href":"https:\/\/blog.cancaonova.com\/brasilia\/wp-json\/wp\/v2\/posts\/6832"}],"collection":[{"href":"https:\/\/blog.cancaonova.com\/brasilia\/wp-json\/wp\/v2\/posts"}],"about":[{"href":"https:\/\/blog.cancaonova.com\/brasilia\/wp-json\/wp\/v2\/types\/post"}],"author":[{"embeddable":true,"href":"https:\/\/blog.cancaonova.com\/brasilia\/wp-json\/wp\/v2\/users\/1361"}],"replies":[{"embeddable":true,"href":"https:\/\/blog.cancaonova.com\/brasilia\/wp-json\/wp\/v2\/comments?post=6832"}],"version-history":[{"count":3,"href":"https:\/\/blog.cancaonova.com\/brasilia\/wp-json\/wp\/v2\/posts\/6832\/revisions"}],"predecessor-version":[{"id":6835,"href":"https:\/\/blog.cancaonova.com\/brasilia\/wp-json\/wp\/v2\/posts\/6832\/revisions\/6835"}],"wp:attachment":[{"href":"https:\/\/blog.cancaonova.com\/brasilia\/wp-json\/wp\/v2\/media?parent=6832"}],"wp:term":[{"taxonomy":"category","embeddable":true,"href":"https:\/\/blog.cancaonova.com\/brasilia\/wp-json\/wp\/v2\/categories?post=6832"},{"taxonomy":"post_tag","embeddable":true,"href":"https:\/\/blog.cancaonova.com\/brasilia\/wp-json\/wp\/v2\/tags?post=6832"}],"curies":[{"name":"wp","href":"https:\/\/api.w.org\/{rel}","templated":true}]}}