{"id":6847,"date":"2009-12-14T09:38:30","date_gmt":"2009-12-14T12:38:30","guid":{"rendered":"http:\/\/blog.cancaonova.com\/brasilia\/?p=6847"},"modified":"2009-12-14T09:38:30","modified_gmt":"2009-12-14T12:38:30","slug":"nessa-quinta-feira-missa-do-clube-com-frei-josue","status":"publish","type":"post","link":"https:\/\/blog.cancaonova.com\/brasilia\/nessa-quinta-feira-missa-do-clube-com-frei-josue\/","title":{"rendered":"Nessa quinta-feira: Missa do Clube com Frei Josu\u00e9!"},"content":{"rendered":"<p style=\"text-align: center\"><span style=\"color: #ff0000\">MISSA DIA: 17\/12\/2009 \/ Hor\u00e1rio: 20h00 \/ LOCAL: Par\u00f3quia Bom Jesus, 601 Sul<\/span><\/p>\n<p style=\"text-align: center\"><span style=\"color: #0000ff\"><em>Deixe aqui suas inten\u00e7\u00f5es, vamos levar ao Altar da Santa Missa!<\/em><\/span><\/p>\n<p style=\"text-align: center\"><img loading=\"lazy\" decoding=\"async\" class=\"aligncenter size-full wp-image-5686\" src=\"http:\/\/blog.cancaonova.com\/brasilia\/files\/2009\/07\/missaclube2.jpg\" alt=\"\" width=\"440\" height=\"159\" \/><\/p>\n<p style=\"text-align: center\"><span style=\"color: #ff0000\"><strong>Porque para Deus NADA \u00c9 IMPOSS\u00cdVEL!<\/strong><\/span><\/p>\n","protected":false},"excerpt":{"rendered":"<p>MISSA DIA: 17\/12\/2009 \/ Hor\u00e1rio: 20h00 \/ LOCAL: Par\u00f3quia Bom Jesus, 601 Sul Deixe aqui suas inten\u00e7\u00f5es, vamos levar ao Altar da Santa Missa! Porque para Deus NADA \u00c9 IMPOSS\u00cdVEL!<\/p>\n","protected":false},"author":1361,"featured_media":0,"comment_status":"open","ping_status":"open","sticky":false,"template":"","format":"standard","meta":{"_mi_skip_tracking":false,"_monsterinsights_sitenote_active":false,"_monsterinsights_sitenote_note":"","_monsterinsights_sitenote_category":0,"footnotes":""},"categories":[17360],"tags":[19296,6351,18756,951],"_links":{"self":[{"href":"https:\/\/blog.cancaonova.com\/brasilia\/wp-json\/wp\/v2\/posts\/6847"}],"collection":[{"href":"https:\/\/blog.cancaonova.com\/brasilia\/wp-json\/wp\/v2\/posts"}],"about":[{"href":"https:\/\/blog.cancaonova.com\/brasilia\/wp-json\/wp\/v2\/types\/post"}],"author":[{"embeddable":true,"href":"https:\/\/blog.cancaonova.com\/brasilia\/wp-json\/wp\/v2\/users\/1361"}],"replies":[{"embeddable":true,"href":"https:\/\/blog.cancaonova.com\/brasilia\/wp-json\/wp\/v2\/comments?post=6847"}],"version-history":[{"count":4,"href":"https:\/\/blog.cancaonova.com\/brasilia\/wp-json\/wp\/v2\/posts\/6847\/revisions"}],"predecessor-version":[{"id":6851,"href":"https:\/\/blog.cancaonova.com\/brasilia\/wp-json\/wp\/v2\/posts\/6847\/revisions\/6851"}],"wp:attachment":[{"href":"https:\/\/blog.cancaonova.com\/brasilia\/wp-json\/wp\/v2\/media?parent=6847"}],"wp:term":[{"taxonomy":"category","embeddable":true,"href":"https:\/\/blog.cancaonova.com\/brasilia\/wp-json\/wp\/v2\/categories?post=6847"},{"taxonomy":"post_tag","embeddable":true,"href":"https:\/\/blog.cancaonova.com\/brasilia\/wp-json\/wp\/v2\/tags?post=6847"}],"curies":[{"name":"wp","href":"https:\/\/api.w.org\/{rel}","templated":true}]}}