{"id":6868,"date":"2009-12-30T09:32:54","date_gmt":"2009-12-30T12:32:54","guid":{"rendered":"http:\/\/blog.cancaonova.com\/brasilia\/?p=6868"},"modified":"2009-12-30T09:37:17","modified_gmt":"2009-12-30T12:37:17","slug":"quais-sao-seus-sonhos-para-2010","status":"publish","type":"post","link":"https:\/\/blog.cancaonova.com\/brasilia\/quais-sao-seus-sonhos-para-2010\/","title":{"rendered":"Quais s\u00e3o seus sonhos para 2010?"},"content":{"rendered":"<p style=\"text-align: center\"><img loading=\"lazy\" decoding=\"async\" class=\"size-full wp-image-6869  aligncenter\" src=\"http:\/\/blog.cancaonova.com\/brasilia\/files\/2009\/12\/1245824_48965530.jpg\" alt=\"\" width=\"326\" height=\"202\" \/><\/p>\n<p>O Senhor nos concede de presente mais um novo ano; precisamos viver de maneira nova. Como as empresas que s\u00e3o fechadas para balan\u00e7o, tamb\u00e9m n\u00f3s, se ainda n\u00e3o paramos, precisamos parar para rever a nossa vida.<\/p>\n<p style=\"text-align: justify\"><em>Tr\u00eas perguntas b\u00e1sicas<\/em> podem nos ajudar a fazer um programa de vida, para que cres\u00e7amos humana e espiritualmente.<\/p>\n<p style=\"text-align: justify\">Perguntemo-nos: <em><strong>O que n\u00e3o posso levar para 2010<\/strong>, por que n\u00e3o \u00e9 compat\u00edvel com a minha vida? <strong>O que preciso come\u00e7ar?<\/strong><\/em> Talvez voc\u00ea precise iniciar a vida de ora\u00e7\u00e3o, buscar reconcilia\u00e7\u00e3o com algu\u00e9m ou at\u00e9 mesmo fazer uma dieta para ter mais qualidade de vida ou tantas outras coisas pr\u00e1ticas que foi adiando. <em><strong>O que preciso continuar?<\/strong><\/em> Algo que foi bom e que voc\u00ea precisa levar adiante.<\/p>\n<p style=\"text-align: justify\">N\u00f3s somos de Deus. Essa afirma\u00e7\u00e3o deve nortear nossas vidas. \u00c9 claro que sozinhos n\u00e3o somos capazes de mudar h\u00e1bitos e costumes, talvez j\u00e1 inveterados na nossa vida h\u00e1 anos; mas, da nossa parte, precisamos tomar uma firme decis\u00e3o e pedir a Jesus que nos d\u00ea a gra\u00e7a de sermos homens e mulheres novos neste novo ano. Com certeza Ele vai nos ajudar.<\/p>\n<p style=\"text-align: justify\">Senhor, derrame sobre n\u00f3s o Esp\u00edrito Santo, porque queremos viver segundo o Teu cora\u00e7\u00e3o.<\/p>\n<p style=\"text-align: justify\"><strong>Jesus, eu confio em V\u00f3s!<\/strong><\/p>\n<p style=\"text-align: right\"><strong>Luzia Santiago<\/strong><br \/>\nCo-fundadora da Comunidade Can\u00e7\u00e3o Nova<\/p>\n<p style=\"text-align: center\"><strong><span style=\"color: #0000ff\">E n\u00f3s da Miss\u00e3o de Bras\u00edlia, desejamos para voc\u00ea e toda sua Fam\u00edlia um 2010 ricamente aben\u00e7oado e cheio da Gra\u00e7a de Deus! Que possamos continuar juntos nessa linda caminhada junto \u00e0 Nosso Senhor e Salvador Jesus Cristo!<\/span><\/strong><\/p>\n<p style=\"text-align: center\"><strong><span style=\"color: #0000ff\"><span style=\"color: #808080\">F<\/span><span style=\"color: #ff0000\">e<\/span><span style=\"color: #ff6600\">l<\/span><span style=\"color: #008000\">i<\/span><span style=\"color: #993366\">z<\/span> <span style=\"color: #ff00ff\">2<\/span><span style=\"color: #33cccc\">0<\/span><span style=\"color: #800000\">1<\/span><span style=\"color: #000000\">0<\/span><\/span><span style=\"color: #ff0000\">!!!!<\/span><\/strong><\/p>\n","protected":false},"excerpt":{"rendered":"<p>O Senhor nos concede de presente mais um novo ano; precisamos viver de maneira nova. Como as empresas que s\u00e3o fechadas para balan\u00e7o, tamb\u00e9m n\u00f3s, se ainda n\u00e3o paramos, precisamos parar para rever a nossa vida. Tr\u00eas perguntas b\u00e1sicas podem&#8230;<\/p>\n","protected":false},"author":1361,"featured_media":0,"comment_status":"open","ping_status":"open","sticky":false,"template":"","format":"standard","meta":{"_mi_skip_tracking":false,"_monsterinsights_sitenote_active":false,"_monsterinsights_sitenote_note":"","_monsterinsights_sitenote_category":0,"footnotes":""},"categories":[23],"tags":[23648,27098,19296,6351],"_links":{"self":[{"href":"https:\/\/blog.cancaonova.com\/brasilia\/wp-json\/wp\/v2\/posts\/6868"}],"collection":[{"href":"https:\/\/blog.cancaonova.com\/brasilia\/wp-json\/wp\/v2\/posts"}],"about":[{"href":"https:\/\/blog.cancaonova.com\/brasilia\/wp-json\/wp\/v2\/types\/post"}],"author":[{"embeddable":true,"href":"https:\/\/blog.cancaonova.com\/brasilia\/wp-json\/wp\/v2\/users\/1361"}],"replies":[{"embeddable":true,"href":"https:\/\/blog.cancaonova.com\/brasilia\/wp-json\/wp\/v2\/comments?post=6868"}],"version-history":[{"count":4,"href":"https:\/\/blog.cancaonova.com\/brasilia\/wp-json\/wp\/v2\/posts\/6868\/revisions"}],"predecessor-version":[{"id":6873,"href":"https:\/\/blog.cancaonova.com\/brasilia\/wp-json\/wp\/v2\/posts\/6868\/revisions\/6873"}],"wp:attachment":[{"href":"https:\/\/blog.cancaonova.com\/brasilia\/wp-json\/wp\/v2\/media?parent=6868"}],"wp:term":[{"taxonomy":"category","embeddable":true,"href":"https:\/\/blog.cancaonova.com\/brasilia\/wp-json\/wp\/v2\/categories?post=6868"},{"taxonomy":"post_tag","embeddable":true,"href":"https:\/\/blog.cancaonova.com\/brasilia\/wp-json\/wp\/v2\/tags?post=6868"}],"curies":[{"name":"wp","href":"https:\/\/api.w.org\/{rel}","templated":true}]}}