{"id":6884,"date":"2010-01-12T08:40:42","date_gmt":"2010-01-12T11:40:42","guid":{"rendered":"http:\/\/blog.cancaonova.com\/brasilia\/?p=6884"},"modified":"2010-01-12T08:40:42","modified_gmt":"2010-01-12T11:40:42","slug":"fazer-da-vida-uma-oportunidade-de-recomeco","status":"publish","type":"post","link":"https:\/\/blog.cancaonova.com\/brasilia\/fazer-da-vida-uma-oportunidade-de-recomeco\/","title":{"rendered":"Fazer da vida uma oportunidade de recome\u00e7o!"},"content":{"rendered":"<p style=\"text-align: center\"><em>Medite e reze com M\u00e1rcio Mendes<\/em><\/p>\n<p style=\"text-align: center\"><object width=\"480\" height=\"385\" type=\"application\/x-shockwave-flash\" data=\"http:\/\/webtvcn.com\/player\/v\/108587\" ><param name=\"movie\" value=\"http:\/\/webtvcn.com\/player\/v\/108587\" \/><param name=\"allowScriptAccess\" value=\"aways\" \/><param name=\"wmode\" value=\"window\" \/><param name=\"loop\" value=\"false\" \/><param name=\"menu\" value=\"true\" \/><param name=\"allowFullScreen\" value=\"true\" \/><\/object>\n<\/p>\n<p style=\"text-align: center\">Confira mais forma\u00e7\u00f5es no site da <a href=\"http:\/\/www.webtvcn.com\/programa\/seja_feliz\/\" target=\"_blank\"><strong>WEBTVCN<\/strong><\/a><\/p>\n<p style=\"text-align: center\"><em>Voc\u00ea tamb\u00e9m pode adquirir os livros de M\u00e1rcio Mendes na Loja Can\u00e7\u00e3o Nova<\/em><\/p>\n<p style=\"text-align: center\"><img loading=\"lazy\" decoding=\"async\" class=\"aligncenter size-full wp-image-6887\" src=\"http:\/\/blog.cancaonova.com\/brasilia\/files\/2010\/01\/80386.jpg\" alt=\"\" width=\"300\" height=\"300\" \/><\/p>\n<p style=\"text-align: center\"><span style=\"color: #0000ff\"><strong>LOJA CAN\u00c7\u00c3O NOVA: W3 502 SUL<\/strong><\/span><\/p>\n<p style=\"text-align: center\"><span style=\"color: #0000ff\"><strong>Informa\u00e7\u00f5es: 3252-7050<\/strong><\/span><\/p>\n","protected":false},"excerpt":{"rendered":"<p>Medite e reze com M\u00e1rcio Mendes Confira mais forma\u00e7\u00f5es no site da WEBTVCN Voc\u00ea tamb\u00e9m pode adquirir os livros de M\u00e1rcio Mendes na Loja Can\u00e7\u00e3o Nova LOJA CAN\u00c7\u00c3O NOVA: W3 502 SUL Informa\u00e7\u00f5es: 3252-7050<\/p>\n","protected":false},"author":1361,"featured_media":0,"comment_status":"open","ping_status":"open","sticky":false,"template":"","format":"standard","meta":{"_mi_skip_tracking":false,"_monsterinsights_sitenote_active":false,"_monsterinsights_sitenote_note":"","_monsterinsights_sitenote_category":0,"footnotes":""},"categories":[23],"tags":[19296,6351,177815],"_links":{"self":[{"href":"https:\/\/blog.cancaonova.com\/brasilia\/wp-json\/wp\/v2\/posts\/6884"}],"collection":[{"href":"https:\/\/blog.cancaonova.com\/brasilia\/wp-json\/wp\/v2\/posts"}],"about":[{"href":"https:\/\/blog.cancaonova.com\/brasilia\/wp-json\/wp\/v2\/types\/post"}],"author":[{"embeddable":true,"href":"https:\/\/blog.cancaonova.com\/brasilia\/wp-json\/wp\/v2\/users\/1361"}],"replies":[{"embeddable":true,"href":"https:\/\/blog.cancaonova.com\/brasilia\/wp-json\/wp\/v2\/comments?post=6884"}],"version-history":[{"count":4,"href":"https:\/\/blog.cancaonova.com\/brasilia\/wp-json\/wp\/v2\/posts\/6884\/revisions"}],"predecessor-version":[{"id":6889,"href":"https:\/\/blog.cancaonova.com\/brasilia\/wp-json\/wp\/v2\/posts\/6884\/revisions\/6889"}],"wp:attachment":[{"href":"https:\/\/blog.cancaonova.com\/brasilia\/wp-json\/wp\/v2\/media?parent=6884"}],"wp:term":[{"taxonomy":"category","embeddable":true,"href":"https:\/\/blog.cancaonova.com\/brasilia\/wp-json\/wp\/v2\/categories?post=6884"},{"taxonomy":"post_tag","embeddable":true,"href":"https:\/\/blog.cancaonova.com\/brasilia\/wp-json\/wp\/v2\/tags?post=6884"}],"curies":[{"name":"wp","href":"https:\/\/api.w.org\/{rel}","templated":true}]}}