{"id":6900,"date":"2010-01-13T16:17:04","date_gmt":"2010-01-13T19:17:04","guid":{"rendered":"http:\/\/blog.cancaonova.com\/brasilia\/?p=6900"},"modified":"2010-01-13T16:17:04","modified_gmt":"2010-01-13T19:17:04","slug":"nota-da-cnbb-sobre-a-morte-de-zilda-arns","status":"publish","type":"post","link":"https:\/\/blog.cancaonova.com\/brasilia\/nota-da-cnbb-sobre-a-morte-de-zilda-arns\/","title":{"rendered":"Nota da CNBB sobre a morte de Zilda Arns"},"content":{"rendered":"<p class=\"MsoNormal\"><img loading=\"lazy\" decoding=\"async\" class=\"aligncenter size-full wp-image-6901\" src=\"http:\/\/blog.cancaonova.com\/brasilia\/files\/2010\/01\/zilda-arns.jpg\" alt=\"\" width=\"426\" height=\"248\" \/><\/p>\n<p class=\"MsoNormal\"><strong>Nota da CNBB pela morte da Dr\u00aa Zilda Arns<\/strong><\/p>\n<p class=\"MsoNormal\"><em>&#8220;Quem acolher em meu nome uma crian\u00e7a, estar\u00e1 acolhendo a mim mesmo&#8221; (Mt. 18, 4-5)<\/em><\/p>\n<p class=\"MsoNormal\">A Confer\u00eancia Nacional dos Bispos do Brasil &#8211; CNBB &#8211; recebeu, com dor profunda, a not\u00edcia da morte da <strong>Dr\u00aa Zilda Arns<\/strong>, m\u00e9dica pediatra, fundadora da Pastoral da Crian\u00e7a e da Pastoral da Pessoa Idosa, ocorrida na ter\u00e7a-feira, 12 de janeiro, v\u00edtima do tr\u00e1gico terremoto que se abateu sobre o Haiti.<\/p>\n<p class=\"MsoNormal\">Dr\u00aa Zilda devotou-se, com amor apaixonado, \u00e0 defesa da vida, da fam\u00edlia e, de modo muito especial, ao cuidado das crian\u00e7as empobrecidas.<\/p>\n<p class=\"MsoNormal\"><strong>Cidad\u00e3 atuante, Dr\u00aa Zilda conquistou respeito e credibilidade junto \u00e0 sociedade brasileira e internacional, por suas posi\u00e7\u00f5es claras e firmes em favor de pol\u00edticas sociais, especialmente as da sa\u00fade. Foi ainda uma das sanitaristas mais respeitadas e comprometidas com o movimento da reforma sanit\u00e1ria brasileira, que culminou com a consolida\u00e7\u00e3o do Sistema \u00danico de Sa\u00fade (SUS).<\/strong><\/p>\n<p class=\"MsoNormal\">A obra fundada por ela, inspirada na f\u00e9 crist\u00e3, haver\u00e1 de continuar no trabalho abnegado dos mais de 260 mil l\u00edderes que, cotidianamente, se dedicam \u00e0 causa da crian\u00e7a e da pessoa idosa.<\/p>\n<p class=\"MsoNormal\">Em miss\u00e3o no Haiti, a convite da Confer\u00eancia dos Religiosos e de autoridades civis daquele pa\u00eds, Dr\u00aa Zilda se despediu, no pleno exerc\u00edcio da causa em que sempre acreditou.<span> <\/span>Ela buscou realizar na pr\u00e1tica a miss\u00e3o de Jesus: &#8220;Eu vim para que todos tenham vida e a tenham em abund\u00e2ncia&#8221; (Jo 10,10).<\/p>\n<p class=\"MsoNormal\"><em>A CNBB agradece a Deus por ter tido, em seus quadros, esta personalidade t\u00e3o virtuosa que muito dignificou a Igreja no Brasil. <\/em>A CNBB se une ao querido Cardeal Dom Paulo Evaristo Arns, irm\u00e3o da Dr\u00aa Zilda, aos<span> <\/span>outros irm\u00e3os, filhos, netos, demais familiares e amigos, na prece solid\u00e1ria e na certeza de que a ela ser\u00e1 dado gozar as alegrias eternas, reservadas para todos que, nesta vida, souberam amar a Deus servindo os irm\u00e3os.<\/p>\n<p class=\"MsoNormal\">Bras\u00edlia-DF, 13 de Janeiro de 2010<\/p>\n<p class=\"MsoNormal\"><strong>Dom Geraldo Lyrio Rocha<\/strong><br \/>\n<em>Arcebispo de Mariana<br \/>\nPresidente da CNBB<\/em><\/p>\n<p class=\"MsoNormal\"><strong>Dom Luiz Soares Vieira<\/strong><br \/>\n<em>Arcebispo de Manaus<br \/>\nVice-presidente da CNBB<\/em><\/p>\n<p class=\"MsoNormal\"><strong>Dom Dimas Lara Barbosa<\/strong><br \/>\n<em>bispo auxiliar do Rio de Janeiro<br \/>\nSecret\u00e1rio-geral da CNBB<\/em><\/p>\n<p class=\"MsoNormal\" style=\"text-align: center\"><span style=\"color: #ff0000\"><span style=\"text-decoration: underline\"><a href=\"http:\/\/pt.wikipedia.org\/wiki\/Zilda_Arns\" target=\"_blank\"><strong>.: conhe\u00e7a um pouco mais sobre a vida e traget\u00f3ria de ZILDA ARNS<\/strong><\/a><\/span><\/span><\/p>\n","protected":false},"excerpt":{"rendered":"<p>Nota da CNBB pela morte da Dr\u00aa Zilda Arns &#8220;Quem acolher em meu nome uma crian\u00e7a, estar\u00e1 acolhendo a mim mesmo&#8221; (Mt. 18, 4-5) A Confer\u00eancia Nacional dos Bispos do Brasil &#8211; CNBB &#8211; recebeu, com dor profunda, a not\u00edcia&#8230;<\/p>\n","protected":false},"author":1361,"featured_media":0,"comment_status":"open","ping_status":"open","sticky":false,"template":"","format":"standard","meta":{"_mi_skip_tracking":false,"_monsterinsights_sitenote_active":false,"_monsterinsights_sitenote_note":"","_monsterinsights_sitenote_category":0,"footnotes":""},"categories":[32],"tags":[19296,6351,177816],"_links":{"self":[{"href":"https:\/\/blog.cancaonova.com\/brasilia\/wp-json\/wp\/v2\/posts\/6900"}],"collection":[{"href":"https:\/\/blog.cancaonova.com\/brasilia\/wp-json\/wp\/v2\/posts"}],"about":[{"href":"https:\/\/blog.cancaonova.com\/brasilia\/wp-json\/wp\/v2\/types\/post"}],"author":[{"embeddable":true,"href":"https:\/\/blog.cancaonova.com\/brasilia\/wp-json\/wp\/v2\/users\/1361"}],"replies":[{"embeddable":true,"href":"https:\/\/blog.cancaonova.com\/brasilia\/wp-json\/wp\/v2\/comments?post=6900"}],"version-history":[{"count":6,"href":"https:\/\/blog.cancaonova.com\/brasilia\/wp-json\/wp\/v2\/posts\/6900\/revisions"}],"predecessor-version":[{"id":6907,"href":"https:\/\/blog.cancaonova.com\/brasilia\/wp-json\/wp\/v2\/posts\/6900\/revisions\/6907"}],"wp:attachment":[{"href":"https:\/\/blog.cancaonova.com\/brasilia\/wp-json\/wp\/v2\/media?parent=6900"}],"wp:term":[{"taxonomy":"category","embeddable":true,"href":"https:\/\/blog.cancaonova.com\/brasilia\/wp-json\/wp\/v2\/categories?post=6900"},{"taxonomy":"post_tag","embeddable":true,"href":"https:\/\/blog.cancaonova.com\/brasilia\/wp-json\/wp\/v2\/tags?post=6900"}],"curies":[{"name":"wp","href":"https:\/\/api.w.org\/{rel}","templated":true}]}}