{"id":6915,"date":"2010-01-18T08:17:46","date_gmt":"2010-01-18T11:17:46","guid":{"rendered":"http:\/\/blog.cancaonova.com\/brasilia\/?p=6915"},"modified":"2010-01-18T13:47:37","modified_gmt":"2010-01-18T16:47:37","slug":"intencoes-para-a-1%c2%aa-missa-do-clube-de-2010","status":"publish","type":"post","link":"https:\/\/blog.cancaonova.com\/brasilia\/intencoes-para-a-1%c2%aa-missa-do-clube-de-2010\/","title":{"rendered":"Inten\u00e7\u00f5es para a 1\u00aa Missa do Clube de 2010!"},"content":{"rendered":"<p><a href=\"http:\/\/blog.cancaonova.com\/brasilia\/2010\/01\/18\/intencoes-para-a-1%C2%AA-missa-do-clube-de-2010\/\" target=\"_blank\"><img loading=\"lazy\" decoding=\"async\" class=\"aligncenter size-full wp-image-5686\" src=\"http:\/\/blog.cancaonova.com\/brasilia\/files\/2009\/07\/missaclube2.jpg\" alt=\"\" width=\"440\" height=\"159\" \/><\/a><\/p>\n<p style=\"text-align: center\"><strong>&#8220;Nossa For\u00e7a e Vit\u00f3ria tem um nome \u00e9 JESUS!&#8221;<\/strong><\/p>\n<p style=\"text-align: center\"><span style=\"color: #0000ff\">A missa ser\u00e1\u00a0 <strong>TER\u00c7A FEIRA: 19\/01<\/strong> \u00e0s <strong>20h00 na Par\u00f3quia Bom Jesus<\/strong> <strong>601 Sul<\/strong> e ser\u00e1 celebrada por <strong>Frei Josu\u00e9!<\/strong><\/span><\/p>\n<p style=\"text-align: center\"><span style=\"color: #0000ff\">Esperamos por voc\u00ea!<\/span><\/p>\n","protected":false},"excerpt":{"rendered":"<p>&#8220;Nossa For\u00e7a e Vit\u00f3ria tem um nome \u00e9 JESUS!&#8221; A missa ser\u00e1\u00a0 TER\u00c7A FEIRA: 19\/01 \u00e0s 20h00 na Par\u00f3quia Bom Jesus 601 Sul e ser\u00e1 celebrada por Frei Josu\u00e9! Esperamos por voc\u00ea!<\/p>\n","protected":false},"author":1361,"featured_media":0,"comment_status":"open","ping_status":"open","sticky":false,"template":"","format":"standard","meta":{"_mi_skip_tracking":false,"_monsterinsights_sitenote_active":false,"_monsterinsights_sitenote_note":"","_monsterinsights_sitenote_category":0,"footnotes":""},"categories":[17360],"tags":[8331,19296,16963,18756,951],"_links":{"self":[{"href":"https:\/\/blog.cancaonova.com\/brasilia\/wp-json\/wp\/v2\/posts\/6915"}],"collection":[{"href":"https:\/\/blog.cancaonova.com\/brasilia\/wp-json\/wp\/v2\/posts"}],"about":[{"href":"https:\/\/blog.cancaonova.com\/brasilia\/wp-json\/wp\/v2\/types\/post"}],"author":[{"embeddable":true,"href":"https:\/\/blog.cancaonova.com\/brasilia\/wp-json\/wp\/v2\/users\/1361"}],"replies":[{"embeddable":true,"href":"https:\/\/blog.cancaonova.com\/brasilia\/wp-json\/wp\/v2\/comments?post=6915"}],"version-history":[{"count":4,"href":"https:\/\/blog.cancaonova.com\/brasilia\/wp-json\/wp\/v2\/posts\/6915\/revisions"}],"predecessor-version":[{"id":6919,"href":"https:\/\/blog.cancaonova.com\/brasilia\/wp-json\/wp\/v2\/posts\/6915\/revisions\/6919"}],"wp:attachment":[{"href":"https:\/\/blog.cancaonova.com\/brasilia\/wp-json\/wp\/v2\/media?parent=6915"}],"wp:term":[{"taxonomy":"category","embeddable":true,"href":"https:\/\/blog.cancaonova.com\/brasilia\/wp-json\/wp\/v2\/categories?post=6915"},{"taxonomy":"post_tag","embeddable":true,"href":"https:\/\/blog.cancaonova.com\/brasilia\/wp-json\/wp\/v2\/tags?post=6915"}],"curies":[{"name":"wp","href":"https:\/\/api.w.org\/{rel}","templated":true}]}}