{"id":6926,"date":"2010-01-20T15:56:43","date_gmt":"2010-01-20T18:56:43","guid":{"rendered":"http:\/\/blog.cancaonova.com\/brasilia\/?p=6926"},"modified":"2010-01-20T15:56:43","modified_gmt":"2010-01-20T18:56:43","slug":"confira-fotos-da-1%c2%aa-missa-do-clube-de-2010","status":"publish","type":"post","link":"https:\/\/blog.cancaonova.com\/brasilia\/confira-fotos-da-1%c2%aa-missa-do-clube-de-2010\/","title":{"rendered":"Confira: Fotos da 1\u00aa Missa do Clube de 2010"},"content":{"rendered":"<p style=\"text-align: center\"><em>Agradecemos imensamente a presen\u00e7a de todos que estiveram na noite do dia 19\/01, na Par\u00f3quia Bom Jesus 601 Sul, para celebrarmos juntos essa noite de muitas gra\u00e7as!<\/em><\/p>\n<p style=\"text-align: center\"><img loading=\"lazy\" decoding=\"async\" class=\"aligncenter size-full wp-image-6927\" src=\"http:\/\/blog.cancaonova.com\/brasilia\/files\/2010\/01\/missa-janeiro-foto-ed-alves-2-copy.jpg\" alt=\"\" width=\"448\" height=\"298\" \/><\/p>\n<p style=\"text-align: center\"><img loading=\"lazy\" decoding=\"async\" class=\"aligncenter size-full wp-image-6928\" src=\"http:\/\/blog.cancaonova.com\/brasilia\/files\/2010\/01\/missa-janeiro-foto-ed-alves-4-copy.jpg\" alt=\"\" width=\"448\" height=\"298\" \/><\/p>\n<p style=\"text-align: center\"><img loading=\"lazy\" decoding=\"async\" class=\"aligncenter size-full wp-image-6929\" src=\"http:\/\/blog.cancaonova.com\/brasilia\/files\/2010\/01\/missa-janeiro-foto-ed-alves-23-copy.jpg\" alt=\"\" width=\"448\" height=\"298\" \/><\/p>\n<p style=\"text-align: center\"><img loading=\"lazy\" decoding=\"async\" class=\"aligncenter size-full wp-image-6930\" src=\"http:\/\/blog.cancaonova.com\/brasilia\/files\/2010\/01\/missa-janeiro-foto-ed-alves-25-copy.jpg\" alt=\"\" width=\"298\" height=\"448\" \/><\/p>\n<p style=\"text-align: center\"><img loading=\"lazy\" decoding=\"async\" class=\"aligncenter size-full wp-image-6931\" src=\"http:\/\/blog.cancaonova.com\/brasilia\/files\/2010\/01\/missa-janeiro-foto-ed-alves-69-copy.jpg\" alt=\"\" width=\"448\" height=\"298\" \/><\/p>\n<p style=\"text-align: center\"><em>De forma especial agradecemos ao &#8220;Ed&#8221; que carinhosamente nos prestigia com seu lindo trabalho, tirando fotos desse momento que precisa ficar registrado!!<\/em><\/p>\n<p style=\"text-align: center\"><span style=\"color: #ff0000\"><strong>J\u00c1 ANOTA A\u00cd PR\u00d3XIMA MISSA: 23\/02\/2010 (ter\u00e7a-feira)<\/strong><\/span><\/p>\n","protected":false},"excerpt":{"rendered":"<p>Agradecemos imensamente a presen\u00e7a de todos que estiveram na noite do dia 19\/01, na Par\u00f3quia Bom Jesus 601 Sul, para celebrarmos juntos essa noite de muitas gra\u00e7as! De forma especial agradecemos ao &#8220;Ed&#8221; que carinhosamente nos prestigia com seu lindo&#8230;<\/p>\n","protected":false},"author":1361,"featured_media":0,"comment_status":"open","ping_status":"open","sticky":false,"template":"","format":"standard","meta":{"_mi_skip_tracking":false,"_monsterinsights_sitenote_active":false,"_monsterinsights_sitenote_note":"","_monsterinsights_sitenote_category":0,"footnotes":""},"categories":[17360],"tags":[19296,6351,16963,2431,18756,951],"_links":{"self":[{"href":"https:\/\/blog.cancaonova.com\/brasilia\/wp-json\/wp\/v2\/posts\/6926"}],"collection":[{"href":"https:\/\/blog.cancaonova.com\/brasilia\/wp-json\/wp\/v2\/posts"}],"about":[{"href":"https:\/\/blog.cancaonova.com\/brasilia\/wp-json\/wp\/v2\/types\/post"}],"author":[{"embeddable":true,"href":"https:\/\/blog.cancaonova.com\/brasilia\/wp-json\/wp\/v2\/users\/1361"}],"replies":[{"embeddable":true,"href":"https:\/\/blog.cancaonova.com\/brasilia\/wp-json\/wp\/v2\/comments?post=6926"}],"version-history":[{"count":2,"href":"https:\/\/blog.cancaonova.com\/brasilia\/wp-json\/wp\/v2\/posts\/6926\/revisions"}],"predecessor-version":[{"id":6933,"href":"https:\/\/blog.cancaonova.com\/brasilia\/wp-json\/wp\/v2\/posts\/6926\/revisions\/6933"}],"wp:attachment":[{"href":"https:\/\/blog.cancaonova.com\/brasilia\/wp-json\/wp\/v2\/media?parent=6926"}],"wp:term":[{"taxonomy":"category","embeddable":true,"href":"https:\/\/blog.cancaonova.com\/brasilia\/wp-json\/wp\/v2\/categories?post=6926"},{"taxonomy":"post_tag","embeddable":true,"href":"https:\/\/blog.cancaonova.com\/brasilia\/wp-json\/wp\/v2\/tags?post=6926"}],"curies":[{"name":"wp","href":"https:\/\/api.w.org\/{rel}","templated":true}]}}