{"id":6934,"date":"2010-01-21T09:35:06","date_gmt":"2010-01-21T12:35:06","guid":{"rendered":"http:\/\/blog.cancaonova.com\/brasilia\/?p=6934"},"modified":"2010-01-21T09:43:02","modified_gmt":"2010-01-21T12:43:02","slug":"terco-da-misericordia-ao-vivo-da-loja-cancao-nova","status":"publish","type":"post","link":"https:\/\/blog.cancaonova.com\/brasilia\/terco-da-misericordia-ao-vivo-da-loja-cancao-nova\/","title":{"rendered":"Ter\u00e7o da Miseric\u00f3rdia: AO VIVO da Loja Can\u00e7\u00e3o Nova!"},"content":{"rendered":"<p style=\"text-align: center\"><img loading=\"lazy\" decoding=\"async\" class=\"aligncenter size-full wp-image-6935\" src=\"http:\/\/blog.cancaonova.com\/brasilia\/files\/2010\/01\/misericordia-copy.jpg\" alt=\"\" width=\"200\" height=\"200\" \/><\/p>\n<p style=\"text-align: center\">Voc\u00ea que acompanha diariamente o <strong>Ter\u00e7o da Miseric\u00f3rdia<\/strong> pela <strong>89.1 FM<\/strong>, com a <em>mission\u00e1ria da Can\u00e7\u00e3o Nova, <\/em><strong>Virlaine Regina<\/strong><em>,<\/em> poder\u00e1 rezar com ela ao vivo <span style=\"color: #ff0000\">HOJE: QUINTA FEIRA DE ADORA\u00c7\u00c3O (21\/01)<\/span>, <strong>\u00e0s 15h00<\/strong>, <strong>direto da Capela da Loja Can\u00e7\u00e3o Nova, na W3 502 Sul<\/strong>!<\/p>\n<p style=\"text-align: center\"><img loading=\"lazy\" decoding=\"async\" class=\"aligncenter size-full wp-image-6939\" src=\"http:\/\/blog.cancaonova.com\/brasilia\/files\/2010\/01\/mat_481.jpg\" alt=\"\" width=\"259\" height=\"188\" \/><\/p>\n<p style=\"text-align: center\"><span style=\"color: #ff0000\"><em>Jesus Eucar\u00edstico ficar\u00e1 exposto durante todo o dia de hoje! Ele espera por voc\u00ea para Lhe dar muitas gra\u00e7as, vindas direto do Seu Cora\u00e7\u00e3o!!!<\/em><\/span><\/p>\n","protected":false},"excerpt":{"rendered":"<p>Voc\u00ea que acompanha diariamente o Ter\u00e7o da Miseric\u00f3rdia pela 89.1 FM, com a mission\u00e1ria da Can\u00e7\u00e3o Nova, Virlaine Regina, poder\u00e1 rezar com ela ao vivo HOJE: QUINTA FEIRA DE ADORA\u00c7\u00c3O (21\/01), \u00e0s 15h00, direto da Capela da Loja Can\u00e7\u00e3o Nova,&#8230;<\/p>\n","protected":false},"author":1361,"featured_media":0,"comment_status":"open","ping_status":"open","sticky":false,"template":"","format":"standard","meta":{"_mi_skip_tracking":false,"_monsterinsights_sitenote_active":false,"_monsterinsights_sitenote_note":"","_monsterinsights_sitenote_category":0,"footnotes":""},"categories":[15747],"tags":[25638,19296,6351,15899,11871],"_links":{"self":[{"href":"https:\/\/blog.cancaonova.com\/brasilia\/wp-json\/wp\/v2\/posts\/6934"}],"collection":[{"href":"https:\/\/blog.cancaonova.com\/brasilia\/wp-json\/wp\/v2\/posts"}],"about":[{"href":"https:\/\/blog.cancaonova.com\/brasilia\/wp-json\/wp\/v2\/types\/post"}],"author":[{"embeddable":true,"href":"https:\/\/blog.cancaonova.com\/brasilia\/wp-json\/wp\/v2\/users\/1361"}],"replies":[{"embeddable":true,"href":"https:\/\/blog.cancaonova.com\/brasilia\/wp-json\/wp\/v2\/comments?post=6934"}],"version-history":[{"count":7,"href":"https:\/\/blog.cancaonova.com\/brasilia\/wp-json\/wp\/v2\/posts\/6934\/revisions"}],"predecessor-version":[{"id":6943,"href":"https:\/\/blog.cancaonova.com\/brasilia\/wp-json\/wp\/v2\/posts\/6934\/revisions\/6943"}],"wp:attachment":[{"href":"https:\/\/blog.cancaonova.com\/brasilia\/wp-json\/wp\/v2\/media?parent=6934"}],"wp:term":[{"taxonomy":"category","embeddable":true,"href":"https:\/\/blog.cancaonova.com\/brasilia\/wp-json\/wp\/v2\/categories?post=6934"},{"taxonomy":"post_tag","embeddable":true,"href":"https:\/\/blog.cancaonova.com\/brasilia\/wp-json\/wp\/v2\/tags?post=6934"}],"curies":[{"name":"wp","href":"https:\/\/api.w.org\/{rel}","templated":true}]}}