{"id":7086,"date":"2010-02-18T07:45:38","date_gmt":"2010-02-18T10:45:38","guid":{"rendered":"http:\/\/blog.cancaonova.com\/brasilia\/?p=7086"},"modified":"2010-02-18T07:45:38","modified_gmt":"2010-02-18T10:45:38","slug":"entenda-melhor-a-quaresma","status":"publish","type":"post","link":"https:\/\/blog.cancaonova.com\/brasilia\/entenda-melhor-a-quaresma\/","title":{"rendered":"Entenda melhor a Quaresma"},"content":{"rendered":"<p style=\"text-align: center\"><object width=\"480\" height=\"385\" type=\"application\/x-shockwave-flash\" data=\"http:\/\/webtvcn.com\/player\/v\/63062\" ><param name=\"movie\" value=\"http:\/\/webtvcn.com\/player\/v\/63062\" \/><param name=\"allowScriptAccess\" value=\"aways\" \/><param name=\"wmode\" value=\"window\" \/><param name=\"loop\" value=\"false\" \/><param name=\"menu\" value=\"true\" \/><param name=\"allowFullScreen\" value=\"true\" \/><\/object>\n<\/p>\n<p style=\"text-align: center\"><em>Reportagem: Marcelo Chaves<\/em><\/p>\n<p style=\"text-align: center\"><span style=\"color: #ff0000\"><strong>Mensagem de Bento XVI na Quarta de Cinzas<\/strong><\/span><\/p>\n<p style=\"text-align: justify\"><span class=\"noticia_texto\"><strong>&#8220;O homem \u00e9 p\u00f3 e ao p\u00f3 retornar\u00e1, mas \u00e9 p\u00f3 precioso aos olhos de Deus, porque Deus criou o homem destinando-o \u00e0 imortalidade&#8221;<\/strong>, ensinou Bento XVI na <span style=\"color: #000000\">Catequese desta Quarta-feira de Cinzas<\/span>.<\/span><\/p>\n<p>Junto aos milhares de peregrinos reunidos na Sala Paulo VI, no Vaticano, o Papa explicou a novidade que se expressa atrav\u00e9s do convite \u00e0 <span style=\"color: #000000\">convers\u00e3o<\/span>, feito de modo especial durante a <a href=\"http:\/\/wiki.cancaonova.com\/index.php\/Quaresma\" target=\"_blank\"><span class=\"noticia_texto\"><span style=\"color: #006699\">Quaresma<\/span>.<\/span><\/a><\/p>\n<p><strong>&#8220;A convers\u00e3o \u00e9 ir contra a corrente, onde a &#8216;corrente&#8217; \u00e9 o estilo de vida superficial, incoerente e ilus\u00f3rio, que muitas vezes nos arrasta, nos domina e nos torna escravos do mal ou como que prisioneiros da mediocridade moral&#8221;.<\/strong><\/p>\n<p>O Pont\u00edfice destacou que a f\u00f3rmula lit\u00fargica usada no rito da imposi\u00e7\u00e3o das Cinzas &#8211; &#8220;Convertei-vos e crede no evangelho!&#8221; &#8211; n\u00e3o expressa duas coisas diferentes, mas sim a mesma realidade.<\/p>\n<p><em>&#8220;A convers\u00e3o \u00e9 o &#8216;sim&#8217; total de quem entrega a pr\u00f3pria exist\u00eancia ao Evangelho, respondendo livremente a Cristo que por primeiro se oferece ao homem como caminho, verdade e vida, como aquele que o livra e salva&#8221;.<\/em><\/p>\n<p style=\"text-align: justify\"><span class=\"noticia_texto\"><strong>Verdadeira convers\u00e3o<\/strong><\/span><\/p>\n<p><em>&#8220;Converter-se significa mudar a dire\u00e7\u00e3o no caminho da vida: n\u00e3o, por\u00e9m, com um pequeno ajuste, mas com uma verdadeira e real invers\u00e3o de marcha&#8221;<\/em>, salientou <span style=\"color: #006699\">Bento XVI<\/span>.<\/p>\n<p>Diante do contexto de uma cultura que irradia um medo do fim e da morte, <strong>a Quaresma se tornaria um convite a compreender e viver &#8220;na novidade inesperada que a f\u00e9 crist\u00e3 irradia na realidade da pr\u00f3pria morte&#8221;<\/strong>, expressou.<\/p>\n<p>O Santo Padre concluiu a Catequese desejando que os fi\u00e9is vivam o tempo quaresmal como uma renova\u00e7\u00e3o do compromisso de seguir Jesus, de se deixar transformar pelo mist\u00e9rio pascal: <strong>&#8220;Para vencer o mal e fazer o bem, para fazer morrer o nosso &#8216;homem velho&#8217; ligado ao pecado e fazer nascer o &#8216;homem novo&#8217; transformado pela gra\u00e7a de Deus&#8221;.<\/strong><\/p>\n<p style=\"text-align: center\"><span style=\"color: #ff0000\"><span style=\"text-decoration: underline\"><a href=\"http:\/\/noticias.cancaonova.com\/noticia.php?id=275546\" target=\"_blank\"><strong>.:Leia a mensagem de Bento XVI na \u00edntegra<\/strong><\/a><\/span><\/span><\/p>\n<p style=\"text-align: right\"><em>fonte: CN Not\u00edcias<\/em><\/p>\n","protected":false},"excerpt":{"rendered":"<p>Reportagem: Marcelo Chaves Mensagem de Bento XVI na Quarta de Cinzas &#8220;O homem \u00e9 p\u00f3 e ao p\u00f3 retornar\u00e1, mas \u00e9 p\u00f3 precioso aos olhos de Deus, porque Deus criou o homem destinando-o \u00e0 imortalidade&#8221;, ensinou Bento XVI na Catequese&#8230;<\/p>\n","protected":false},"author":1361,"featured_media":0,"comment_status":"open","ping_status":"open","sticky":false,"template":"","format":"standard","meta":{"_mi_skip_tracking":false,"_monsterinsights_sitenote_active":false,"_monsterinsights_sitenote_note":"","_monsterinsights_sitenote_category":0,"footnotes":""},"categories":[23],"tags":[19296,6351,561],"_links":{"self":[{"href":"https:\/\/blog.cancaonova.com\/brasilia\/wp-json\/wp\/v2\/posts\/7086"}],"collection":[{"href":"https:\/\/blog.cancaonova.com\/brasilia\/wp-json\/wp\/v2\/posts"}],"about":[{"href":"https:\/\/blog.cancaonova.com\/brasilia\/wp-json\/wp\/v2\/types\/post"}],"author":[{"embeddable":true,"href":"https:\/\/blog.cancaonova.com\/brasilia\/wp-json\/wp\/v2\/users\/1361"}],"replies":[{"embeddable":true,"href":"https:\/\/blog.cancaonova.com\/brasilia\/wp-json\/wp\/v2\/comments?post=7086"}],"version-history":[{"count":4,"href":"https:\/\/blog.cancaonova.com\/brasilia\/wp-json\/wp\/v2\/posts\/7086\/revisions"}],"predecessor-version":[{"id":7090,"href":"https:\/\/blog.cancaonova.com\/brasilia\/wp-json\/wp\/v2\/posts\/7086\/revisions\/7090"}],"wp:attachment":[{"href":"https:\/\/blog.cancaonova.com\/brasilia\/wp-json\/wp\/v2\/media?parent=7086"}],"wp:term":[{"taxonomy":"category","embeddable":true,"href":"https:\/\/blog.cancaonova.com\/brasilia\/wp-json\/wp\/v2\/categories?post=7086"},{"taxonomy":"post_tag","embeddable":true,"href":"https:\/\/blog.cancaonova.com\/brasilia\/wp-json\/wp\/v2\/tags?post=7086"}],"curies":[{"name":"wp","href":"https:\/\/api.w.org\/{rel}","templated":true}]}}