{"id":7115,"date":"2010-02-20T14:46:39","date_gmt":"2010-02-20T17:46:39","guid":{"rendered":"http:\/\/blog.cancaonova.com\/brasilia\/?p=7115"},"modified":"2010-02-20T14:46:39","modified_gmt":"2010-02-20T17:46:39","slug":"musica-para-rezar","status":"publish","type":"post","link":"https:\/\/blog.cancaonova.com\/brasilia\/musica-para-rezar\/","title":{"rendered":"M\u00fasica para rezar...."},"content":{"rendered":"<p style=\"text-align: center\"><span style=\"color: #800080\"><strong>Quaresma \u00e9 tempo de convers\u00e3o!!!!<\/strong><\/span><\/p>\n<p style=\"text-align: center\"><em>E a convers\u00e3o \u00e9 um caminho&#8230; Dunga canta pra voc\u00ea:<\/em><\/p>\n<p style=\"text-align: center\"><object width=\"480\" height=\"385\"><param name=\"movie\" value=\"http:\/\/www.youtube.com\/v\/7puO3L_2ZCQ\"><\/param><param name=\"allowFullScreen\" value=\"true\"><\/param><param name=\"allowscriptaccess\" value=\"always\"><\/param><embed src=\"http:\/\/www.youtube.com\/v\/7puO3L_2ZCQ\" type=\"application\/x-shockwave-flash\" allowscriptaccess=\"always\" allowfullscreen=\"true\" width=\"480\" height=\"385\"><\/embed><\/object>\n<\/p>\n<p style=\"text-align: center\"><span style=\"color: #800080\"><em>Vai caminhar, na estrada eu vou te curar&#8230;<\/em><\/span><\/p>\n","protected":false},"excerpt":{"rendered":"<p>Quaresma \u00e9 tempo de convers\u00e3o!!!! E a convers\u00e3o \u00e9 um caminho&#8230; Dunga canta pra voc\u00ea: Vai caminhar, na estrada eu vou te curar&#8230;<\/p>\n","protected":false},"author":1361,"featured_media":0,"comment_status":"open","ping_status":"open","sticky":false,"template":"","format":"standard","meta":{"_mi_skip_tracking":false,"_monsterinsights_sitenote_active":false,"_monsterinsights_sitenote_note":"","_monsterinsights_sitenote_category":0,"footnotes":""},"categories":[23],"tags":[19296,6351,561],"_links":{"self":[{"href":"https:\/\/blog.cancaonova.com\/brasilia\/wp-json\/wp\/v2\/posts\/7115"}],"collection":[{"href":"https:\/\/blog.cancaonova.com\/brasilia\/wp-json\/wp\/v2\/posts"}],"about":[{"href":"https:\/\/blog.cancaonova.com\/brasilia\/wp-json\/wp\/v2\/types\/post"}],"author":[{"embeddable":true,"href":"https:\/\/blog.cancaonova.com\/brasilia\/wp-json\/wp\/v2\/users\/1361"}],"replies":[{"embeddable":true,"href":"https:\/\/blog.cancaonova.com\/brasilia\/wp-json\/wp\/v2\/comments?post=7115"}],"version-history":[{"count":4,"href":"https:\/\/blog.cancaonova.com\/brasilia\/wp-json\/wp\/v2\/posts\/7115\/revisions"}],"predecessor-version":[{"id":7119,"href":"https:\/\/blog.cancaonova.com\/brasilia\/wp-json\/wp\/v2\/posts\/7115\/revisions\/7119"}],"wp:attachment":[{"href":"https:\/\/blog.cancaonova.com\/brasilia\/wp-json\/wp\/v2\/media?parent=7115"}],"wp:term":[{"taxonomy":"category","embeddable":true,"href":"https:\/\/blog.cancaonova.com\/brasilia\/wp-json\/wp\/v2\/categories?post=7115"},{"taxonomy":"post_tag","embeddable":true,"href":"https:\/\/blog.cancaonova.com\/brasilia\/wp-json\/wp\/v2\/tags?post=7115"}],"curies":[{"name":"wp","href":"https:\/\/api.w.org\/{rel}","templated":true}]}}