{"id":7120,"date":"2010-02-22T09:28:32","date_gmt":"2010-02-22T12:28:32","guid":{"rendered":"http:\/\/blog.cancaonova.com\/brasilia\/?p=7120"},"modified":"2010-02-22T09:42:44","modified_gmt":"2010-02-22T12:42:44","slug":"missa-do-clube-com-frei-josue-terca-2302","status":"publish","type":"post","link":"https:\/\/blog.cancaonova.com\/brasilia\/missa-do-clube-com-frei-josue-terca-2302\/","title":{"rendered":"Missa do Clube com Frei Josu\u00e9: Ter\u00e7a 23\/02!!!"},"content":{"rendered":"<p style=\"text-align: center\"><span style=\"color: #ff0000\"><strong>A MISSA SER\u00c1 NO SANTU\u00c1RIO DOM BOSCO, NA 702 SUL, \u00c0S 20h<\/strong><\/span><\/p>\n<p style=\"text-align: center\"><span style=\"color: #008000\"><a href=\"http:\/\/blog.cancaonova.com\/brasilia\/2010\/02\/22\/missa-do-clube-com-frei-josue-terca-2302\/\" target=\"_blank\"><span><span style=\"text-decoration: underline\"><strong>DEIXE AQUI SUAS INTEN\u00c7\u00d5ES!<\/strong><\/span><\/span><\/a><\/span><\/p>\n<p style=\"text-align: center\"><a href=\"http:\/\/blog.cancaonova.com\/brasilia\/2010\/02\/22\/missa-do-clube-com-frei-josue-terca-2302\/\" target=\"_blank\"><img loading=\"lazy\" decoding=\"async\" class=\"aligncenter size-full wp-image-5686\" src=\"http:\/\/blog.cancaonova.com\/brasilia\/files\/2009\/07\/missaclube2.jpg\" alt=\"\" width=\"440\" height=\"159\" \/><\/a><\/p>\n<p style=\"text-align: center\"><strong>ESPERAMOS POR VOC\u00ca!!!<\/strong><\/p>\n","protected":false},"excerpt":{"rendered":"<p>A MISSA SER\u00c1 NO SANTU\u00c1RIO DOM BOSCO, NA 702 SUL, \u00c0S 20h DEIXE AQUI SUAS INTEN\u00c7\u00d5ES! ESPERAMOS POR VOC\u00ca!!!<\/p>\n","protected":false},"author":1361,"featured_media":0,"comment_status":"open","ping_status":"open","sticky":false,"template":"","format":"standard","meta":{"_mi_skip_tracking":false,"_monsterinsights_sitenote_active":false,"_monsterinsights_sitenote_note":"","_monsterinsights_sitenote_category":0,"footnotes":""},"categories":[17360],"tags":[19296,6351,18756],"_links":{"self":[{"href":"https:\/\/blog.cancaonova.com\/brasilia\/wp-json\/wp\/v2\/posts\/7120"}],"collection":[{"href":"https:\/\/blog.cancaonova.com\/brasilia\/wp-json\/wp\/v2\/posts"}],"about":[{"href":"https:\/\/blog.cancaonova.com\/brasilia\/wp-json\/wp\/v2\/types\/post"}],"author":[{"embeddable":true,"href":"https:\/\/blog.cancaonova.com\/brasilia\/wp-json\/wp\/v2\/users\/1361"}],"replies":[{"embeddable":true,"href":"https:\/\/blog.cancaonova.com\/brasilia\/wp-json\/wp\/v2\/comments?post=7120"}],"version-history":[{"count":5,"href":"https:\/\/blog.cancaonova.com\/brasilia\/wp-json\/wp\/v2\/posts\/7120\/revisions"}],"predecessor-version":[{"id":7125,"href":"https:\/\/blog.cancaonova.com\/brasilia\/wp-json\/wp\/v2\/posts\/7120\/revisions\/7125"}],"wp:attachment":[{"href":"https:\/\/blog.cancaonova.com\/brasilia\/wp-json\/wp\/v2\/media?parent=7120"}],"wp:term":[{"taxonomy":"category","embeddable":true,"href":"https:\/\/blog.cancaonova.com\/brasilia\/wp-json\/wp\/v2\/categories?post=7120"},{"taxonomy":"post_tag","embeddable":true,"href":"https:\/\/blog.cancaonova.com\/brasilia\/wp-json\/wp\/v2\/tags?post=7120"}],"curies":[{"name":"wp","href":"https:\/\/api.w.org\/{rel}","templated":true}]}}