{"id":4666,"date":"2010-06-07T10:03:16","date_gmt":"2010-06-07T13:03:16","guid":{"rendered":"http:\/\/blog.cancaonova.com\/campos\/?p=4666"},"modified":"2010-06-07T10:06:12","modified_gmt":"2010-06-07T13:06:12","slug":"cerco-de-jerico-o-que-e-e-como-surgiu","status":"publish","type":"post","link":"https:\/\/blog.cancaonova.com\/campos\/2010\/06\/07\/cerco-de-jerico-o-que-e-e-como-surgiu\/","title":{"rendered":"CERCO DE JERIC\u00d3: O QUE \u00c9 E COMO SURGIU?"},"content":{"rendered":"<p style=\"text-align: justify\"><span style=\"font-size: 11pt\"><span style=\"font-family: Times New Roman\"><\/p>\n<p style=\"text-align: center\"><span style=\"font-family: Arial;font-size: 11pt\"><strong><a href=\"http:\/\/blog.cancaonova.com\/campos\/files\/2010\/06\/jerico_muralhas3.jpg\"><img loading=\"lazy\" decoding=\"async\" class=\"aligncenter size-full wp-image-4674\" src=\"http:\/\/blog.cancaonova.com\/campos\/files\/2010\/06\/jerico_muralhas3.jpg\" alt=\"\" width=\"500\" height=\"375\" \/><\/a><\/strong><\/span><\/p>\n<p><span style=\"font-size: 11pt\"><font face=\"Times New Roman\"><\/p>\n<p style=\"text-align: justify\"><span style=\"font-family: Arial;font-size: 11pt\"><strong>Torna-se cada vez mais comum as comunidades adoradoras fazerem o Cerco de Jeric\u00f3. De que se trata? Esta pr\u00e1tica nasceu na Pol\u00f4nia. Consiste na ora\u00e7\u00e3o incessante durante sete dias e seis noites, diante do Sant\u00edssimo Sacramento exposto.\u00a0<\/strong><\/span><\/p>\n<p style=\"text-align: justify\"><span style=\"font-family: Arial;font-size: 11pt\">No Antigo Testamento, depois da morte de Mois\u00e9s, Deus escolheu Josu\u00e9 para conduzir o povo hebreu. Deus disse a Josu\u00e9 que atravessasse o Jord\u00e3o com todo o povo e tomasse posse da Terra Prometida. A cidade de Jeric\u00f3 era uma fortaleza\u00a0 inexpugn\u00e1vel. Ao chegar junto \u00e0s muralhas de Jeric\u00f3, Josu\u00e9 ergueu os olhos e viu um Anjo, com uma espada na m\u00e3o, que lhe deu ordens concretas e detalhadas.\u00a0<\/span><\/p>\n<p style=\"text-align: justify\"><span style=\"font-family: Arial;font-size: 11pt\">Josu\u00e9 e todo Israel executaram fielmente as ordens recebidas: durante seis dias, os valentes guerreiros de Israel deram uma volta em torno da cidade. No s\u00e9timo dia, deram sete voltas. Durante a s\u00e9tima volta, ao som da trombeta, todo o povo levantou um grande clamor e, pelo poder de Deus, as muralhas de Jeric\u00f3 ca\u00edram\u2026 (cf. Js 6).\u00a0<\/span><\/p>\n<p style=\"text-align: justify\"><span style=\"font-family: Arial;font-size: 11pt\">O Santo Padre Jo\u00e3o Paulo II\u00a0 devia ir \u00e0 Pol\u00f4nia a 8 de maio de 1979, para o 91\u00ba anivers\u00e1rio do mart\u00edrio de Santo Estanislau, bispo de Crac\u00f3via. Era a primeira vez que o Papa visitava o seu pa\u00eds, sob o regime comunista; era uma visita important\u00edssima e muito dif\u00edcil. Aqui come\u00e7aria a ru\u00edna do comunismo ateu e a queda do muro de Berlim. <\/span><\/p>\n<p style=\"text-align: justify\"><span style=\"font-family: Arial;font-size: 11pt\">Em fins de novembro de 1978, sete semanas depois do Conclave que o havia eleito Papa, Nossa Senhora do Santo Ros\u00e1rio teria dado uma ordem precisa a uma alma privilegiada da Pol\u00f4nia: \u201cPara a prepara\u00e7\u00e3o da primeira peregrina\u00e7\u00e3o do Papa \u00e0 sua P\u00e1tria, deve-se\u00a0\u00a0 organizar na primeira semana de maio de 1979, em Jasna Gora (Santu\u00e1rio Mariano), um <span style=\"font-family: Arial\"><strong>Congresso do Ros\u00e1rio<\/strong><\/span>: sete dias e seis noites de Ros\u00e1rios consecutivos diante do Sant\u00edssimo Sacramento exposto.\u201d\u00a0<\/span><\/p>\n<p style=\"text-align: justify\"><span style=\"font-family: Arial;font-size: 11pt\">No dia da Imaculada Concei\u00e7\u00e3o (8 de dezembro de 1978), Anatol Kazczuck, da\u00ed em diante promotor desses Cercos, apresentou a ordem da Rainha do C\u00e9u a Monsenhor Kraszewski, bispo auxiliar da Comiss\u00e3o Mariana do Episcopado. Ele respondeu: \u201c\u00c9 bom rezar diante do Sant\u00edssimo Sacramento exposto; \u00e9 bom rezar o Ter\u00e7o pelo Papa; \u00e9 bom rezar em Jasna Gora. Podeis faz\u00ea-lo.\u201d\u00a0<\/span><\/p>\n<p style=\"text-align: justify\"><span style=\"font-family: Arial;font-size: 11pt\">Anatol apresentou tamb\u00e9m a mensagem de Nossa Senhora a Monsenhor Stefano Barata, bispo de Czestochowa e Presidente da <span style=\"font-family: Arial\"><strong>Comiss\u00e3o Mariana do Episcopado<\/strong><\/span>. Ele alegrou-se com o projeto, mas aconselhou-os a n\u00e3o darem o nome de \u201cCongresso\u201d, para maior facilidade na sua organiza\u00e7\u00e3o. Ent\u00e3o, deu-se o nome de \u201cCerco de Jeric\u00f3\u201d a esta iniciativa.\u00a0<\/span><\/p>\n<p style=\"text-align: justify\"><span style=\"font-family: Arial;font-size: 11pt\">O padre-diretor de Jasna Gora aprovou o projeto, mas n\u00e3o queria que se realizasse em maio por causa dos preparativos para a visita do Santo Padre. Dizia ele: \u201cSeria melhor em abril.\u201d \u201cMas a Rainha do C\u00e9u deu ordens para se organizarem esses Ros\u00e1rios permanentes na primeira semana de maio\u201d, respondeu o Sr. Anatol. O padre aceitou, recomendando-lhe que fossem evitadas perturba\u00e7\u00f5es.\u00a0<\/span><\/p>\n<p style=\"text-align: justify\"><span style=\"font-family: Arial;font-size: 11pt\">A Sant\u00edssima Virgem sabia bem que o Cerco de Jeric\u00f3 em maio n\u00e3o iria perturbar a visita do Papa, porque ele n\u00e3o viria. E, logo a seguir, as autoridades recusaram o visto de entrada no pa\u00eds ao Santo Padre, como tinham feito a Paulo VI em 1966. Consterna\u00e7\u00e3o geral em toda a Pol\u00f4nia! O Papa n\u00e3o poderia visitar a sua P\u00e1tria.\u00a0<\/span><\/p>\n<p style=\"text-align: justify\"><span style=\"font-family: Arial;font-size: 11pt\">Foi, ent\u00e3o, com redobrado fervor que se organizou o \u201cassalto\u201d de Ros\u00e1rios. E, no dia 7 de maio, ao mesmo tempo que terminava o Cerco, ca\u00edram \u201cas muralhas de Jeric\u00f3\u201d. Um comunicado oficial anunciava que o Santo Padre visitaria a Pol\u00f4nia de 2 a 10 de junho. Sabe-se como o povo polon\u00eas viveu esses nove dias com o Papa, o \u201cseu\u201d Santo Padre, numa alegria indescrit\u00edvel!\u00a0<\/span><\/p>\n<p style=\"text-align: justify\"><span style=\"font-family: Arial;font-size: 11pt\">No dia de 10 de junho, Jo\u00e3o Paulo II terminava a sua peregrina\u00e7\u00e3o, consagrando, com todo Episcopado polon\u00eas, a na\u00e7\u00e3o polaca ao Cora\u00e7\u00e3o Doloroso e Imaculado de Maria, diante de um milh\u00e3o e quinhentos mil fi\u00e9is reunidos em Blonic Kraskoskic. Foi a apoteose!\u00a0<\/span><\/p>\n<p style=\"text-align: justify\"><span style=\"font-family: Arial;font-size: 11pt\">Depois dessa estrondosa vit\u00f3ria, a Sant\u00edssima Virgem ordenou que se organizassem Cercos de Jeric\u00f3 todas as vezes que o Papa Jo\u00e3o Paulo II sa\u00edsse em viagem apost\u00f3lica. \u201cO Ros\u00e1rio tem um poder de exorcismo\u201d, dizem os nossos amigos da Pol\u00f4nia, \u201cele torna o dem\u00f4nio impotente.\u201d<\/span><\/p>\n<p style=\"text-align: justify\"><span style=\"font-family: Arial;font-size: 11pt\">Por ocasi\u00e3o do atentado contra o Papa, em 13 de maio de 1981, os poloneses lan\u00e7aram de novo um formid\u00e1vel \u201cassalto\u201d de Ros\u00e1rios e obtiveram o seu inesperado restabelecimento. Mais uma vez, as muralhas de \u00f3dio de Satan\u00e1s se abatiam diante do poder da Ave-Maria.\u00a0<\/span><\/p>\n<p style=\"text-align: justify\"><span style=\"font-family: Arial;font-size: 11pt\">Em v\u00e1rias partes do mundo est\u00e3o sendo realizados agora Cercos de Jeric\u00f3. A 2 de fevereiro de 1986, aquela mesma alma privilegiada recebia outra mensagem da Rainha Vitoriosa do Sant\u00edssimo Ros\u00e1rio: \u201cIde ao Canad\u00e1, aos Estados Unidos, \u00e0 Inglaterra e \u00e0 Alemanha para salvar o que ainda pode ser salvo.\u201d Nossa Senhora pede que se organizem os Ros\u00e1rios permanentes e os Cercos de Jeric\u00f3, se queremos ter certeza da vit\u00f3ria.<\/span><\/p>\n<p style=\"text-align: justify\">\u00a0<\/p>\n<p><\/font><\/span><\/span><\/p>\n<p style=\"text-align: justify\">\u00a0<\/p>\n<p><\/span><span style=\"font-size: 11pt\"><span style=\"font-family: Times New Roman\"><span style=\"font-family: Arial;font-size: 11pt\">Prof.\u00a0Felipe Aquino <\/span><\/span><\/span><\/p>\n","protected":false},"excerpt":{"rendered":"<p>Torna-se cada vez mais comum as comunidades adoradoras fazerem o Cerco de Jeric\u00f3. De que se trata? Esta pr\u00e1tica nasceu na Pol\u00f4nia. Consiste na ora\u00e7\u00e3o incessante durante sete dias e seis noites, diante do Sant\u00edssimo Sacramento exposto.\u00a0 No Antigo Testamento,&#8230;<\/p>\n","protected":false},"author":971,"featured_media":0,"comment_status":"open","ping_status":"open","sticky":false,"template":"","format":"standard","meta":{"footnotes":""},"categories":[1],"tags":[],"_links":{"self":[{"href":"https:\/\/blog.cancaonova.com\/campos\/wp-json\/wp\/v2\/posts\/4666"}],"collection":[{"href":"https:\/\/blog.cancaonova.com\/campos\/wp-json\/wp\/v2\/posts"}],"about":[{"href":"https:\/\/blog.cancaonova.com\/campos\/wp-json\/wp\/v2\/types\/post"}],"author":[{"embeddable":true,"href":"https:\/\/blog.cancaonova.com\/campos\/wp-json\/wp\/v2\/users\/971"}],"replies":[{"embeddable":true,"href":"https:\/\/blog.cancaonova.com\/campos\/wp-json\/wp\/v2\/comments?post=4666"}],"version-history":[{"count":5,"href":"https:\/\/blog.cancaonova.com\/campos\/wp-json\/wp\/v2\/posts\/4666\/revisions"}],"predecessor-version":[{"id":4673,"href":"https:\/\/blog.cancaonova.com\/campos\/wp-json\/wp\/v2\/posts\/4666\/revisions\/4673"}],"wp:attachment":[{"href":"https:\/\/blog.cancaonova.com\/campos\/wp-json\/wp\/v2\/media?parent=4666"}],"wp:term":[{"taxonomy":"category","embeddable":true,"href":"https:\/\/blog.cancaonova.com\/campos\/wp-json\/wp\/v2\/categories?post=4666"},{"taxonomy":"post_tag","embeddable":true,"href":"https:\/\/blog.cancaonova.com\/campos\/wp-json\/wp\/v2\/tags?post=4666"}],"curies":[{"name":"wp","href":"https:\/\/api.w.org\/{rel}","templated":true}]}}