{"id":1037,"date":"2021-08-11T10:44:42","date_gmt":"2021-08-11T13:44:42","guid":{"rendered":"http:\/\/blog.cancaonova.com\/centromedicopadrepio\/?p=1037"},"modified":"2021-12-15T08:38:28","modified_gmt":"2021-12-15T11:38:28","slug":"o-crescimento-de-dentro-para-fora","status":"publish","type":"post","link":"https:\/\/blog.cancaonova.com\/centromedicopadrepio\/o-crescimento-de-dentro-para-fora\/","title":{"rendered":"O crescimento do Centro M\u00e9dico de dentro para fora"},"content":{"rendered":"<h2><img decoding=\"async\" style=\"font-size: 16px\" src=\"https:\/\/trello-attachments.s3.amazonaws.com\/5cf00f52eb5d8c2c55da5f2c\/6111101bdbd57f3fc3dc8e80\/ad408a17e4fcb66820a0f28aba62b3df\/Design_sem_nome_(12).png\" alt=\"Design sem nome (12).png\" \/><img decoding=\"async\" style=\"font-size: 16px\" src=\"https:\/\/trello-attachments.s3.amazonaws.com\/5cf00f52eb5d8c2c55da5f2c\/6111101bdbd57f3fc3dc8e80\/794bdd7e887953d32b5dfd42a702e38b\/Design_sem_nome_(11).png\" alt=\"Design sem nome (11).png\" \/><\/h2>\n<h2>Conhe\u00e7a as mudan\u00e7as que transformaram uma enfermaria em um Centro M\u00e9dico!<\/h2>\n<p>&nbsp;<\/p>\n<p><span style=\"font-weight: 400\">O Centro M\u00e9dico Pe. Pio nasceu da realiza\u00e7\u00e3o de um sonho.<\/span><\/p>\n<p><span style=\"font-weight: 400\">O Centro M\u00e9dico teve in\u00edcio apenas como uma enfermaria para atender os peregrinos que vinham para os acampamentos. Depois, virou um posto m\u00e9dico onde se realizavam exames e atendimentos voltados \u00e0 popula\u00e7\u00e3o. Ap\u00f3s a expans\u00e3o de atendimentos que o Posto M\u00e9dico realizava, recebeu o t\u00edtulo de Policl\u00ednica. Para mais tarde ser denominado <\/span><a href=\"https:\/\/blog.cancaonova.com\/centromedicopadrepio\/centro-medico\/\"><span style=\"font-weight: 400\">Centro M\u00e9dico Pe. Pio<\/span><\/a><span style=\"font-weight: 400\">.<\/span><\/p>\n<p><span style=\"font-weight: 400\">Durante todas essas mudan\u00e7as de estruturas e t\u00edtulos, houve tamb\u00e9m diversas mudan\u00e7as dentro da institui\u00e7\u00e3o, como o acr\u00e9scimo de novos equipamentos e, consequentemente, de novos servi\u00e7os e novos colaboradores. Assim, a fam\u00edlia Centro M\u00e9dico Pe. Pio s\u00f3 crescia!<\/span><\/p>\n<p><span style=\"font-weight: 400\">Existe toda uma espiritualidade vivida atrav\u00e9s das missas votivas de S\u00e3o Padre Pio, cujo objetivo \u00e9 levar Deus aos doentes por meio desse ambiente de cura, e tamb\u00e9m um momento de uni\u00e3o e partilha de todo o time que atua no Centro M\u00e9dico.<\/span><\/p>\n<p><span style=\"font-weight: 400\">As capacita\u00e7\u00f5es semestrais fizeram com que evolu\u00edssemos cada vez mais, conscientes de que a qualifica\u00e7\u00e3o \u00e9 o caminho para aperfei\u00e7oar os servi\u00e7os de maneira completa e cont\u00ednua.<\/span><\/p>\n<p><span style=\"font-weight: 400\">Todas essas mudan\u00e7as internas refletiram na parte externa do Centro M\u00e9dico, como a fachada modificada diversas vezes, agora atualizada com o t\u00edtulo de Centro M\u00e9dico Pe. Pio, representando um novo tempo na hist\u00f3ria da institui\u00e7\u00e3o e na vida de todos que fazem parte dessa grande fam\u00edlia!<\/span><\/p>\n","protected":false},"excerpt":{"rendered":"<p>Conhe\u00e7a as mudan\u00e7as que transformaram uma enfermaria em um Centro M\u00e9dico! &nbsp; O Centro M\u00e9dico Pe. Pio nasceu da realiza\u00e7\u00e3o de um sonho. O Centro M\u00e9dico teve in\u00edcio apenas como uma enfermaria para atender os peregrinos que vinham para os&#8230;<\/p>\n","protected":false},"author":4740,"featured_media":1055,"comment_status":"open","ping_status":"open","sticky":false,"template":"","format":"standard","meta":{"_mi_skip_tracking":false,"_monsterinsights_sitenote_active":false,"_monsterinsights_sitenote_note":"","_monsterinsights_sitenote_category":0,"footnotes":""},"categories":[591,47],"tags":[],"_links":{"self":[{"href":"https:\/\/blog.cancaonova.com\/centromedicopadrepio\/wp-json\/wp\/v2\/posts\/1037"}],"collection":[{"href":"https:\/\/blog.cancaonova.com\/centromedicopadrepio\/wp-json\/wp\/v2\/posts"}],"about":[{"href":"https:\/\/blog.cancaonova.com\/centromedicopadrepio\/wp-json\/wp\/v2\/types\/post"}],"author":[{"embeddable":true,"href":"https:\/\/blog.cancaonova.com\/centromedicopadrepio\/wp-json\/wp\/v2\/users\/4740"}],"replies":[{"embeddable":true,"href":"https:\/\/blog.cancaonova.com\/centromedicopadrepio\/wp-json\/wp\/v2\/comments?post=1037"}],"version-history":[{"count":12,"href":"https:\/\/blog.cancaonova.com\/centromedicopadrepio\/wp-json\/wp\/v2\/posts\/1037\/revisions"}],"predecessor-version":[{"id":1245,"href":"https:\/\/blog.cancaonova.com\/centromedicopadrepio\/wp-json\/wp\/v2\/posts\/1037\/revisions\/1245"}],"wp:featuredmedia":[{"embeddable":true,"href":"https:\/\/blog.cancaonova.com\/centromedicopadrepio\/wp-json\/wp\/v2\/media\/1055"}],"wp:attachment":[{"href":"https:\/\/blog.cancaonova.com\/centromedicopadrepio\/wp-json\/wp\/v2\/media?parent=1037"}],"wp:term":[{"taxonomy":"category","embeddable":true,"href":"https:\/\/blog.cancaonova.com\/centromedicopadrepio\/wp-json\/wp\/v2\/categories?post=1037"},{"taxonomy":"post_tag","embeddable":true,"href":"https:\/\/blog.cancaonova.com\/centromedicopadrepio\/wp-json\/wp\/v2\/tags?post=1037"}],"curies":[{"name":"wp","href":"https:\/\/api.w.org\/{rel}","templated":true}]}}