{"id":1099,"date":"2021-10-14T11:10:21","date_gmt":"2021-10-14T14:10:21","guid":{"rendered":"http:\/\/blog.cancaonova.com\/centromedicopadrepio\/?p=1099"},"modified":"2021-11-11T08:45:42","modified_gmt":"2021-11-11T11:45:42","slug":"outubro-rosa-saiba-como-prevenir-o-cancer-de-mama","status":"publish","type":"post","link":"https:\/\/blog.cancaonova.com\/centromedicopadrepio\/outubro-rosa-saiba-como-prevenir-o-cancer-de-mama\/","title":{"rendered":"Outubro Rosa: o que devemos saber sobre o c\u00e2ncer de mama"},"content":{"rendered":"<p><img loading=\"lazy\" decoding=\"async\" class=\"wp-image-1106 aligncenter\" src=\"http:\/\/blog.cancaonova.com\/centromedicopadrepio\/files\/2021\/10\/Outubro-Rosa--300x169.jpg\" alt=\"\" width=\"817\" height=\"460\" srcset=\"https:\/\/blog.cancaonova.com\/centromedicopadrepio\/files\/2021\/10\/Outubro-Rosa--300x169.jpg 300w, https:\/\/blog.cancaonova.com\/centromedicopadrepio\/files\/2021\/10\/Outubro-Rosa--768x432.jpg 768w, https:\/\/blog.cancaonova.com\/centromedicopadrepio\/files\/2021\/10\/Outubro-Rosa--384x216.jpg 384w, https:\/\/blog.cancaonova.com\/centromedicopadrepio\/files\/2021\/10\/Outubro-Rosa--512x288.jpg 512w, https:\/\/blog.cancaonova.com\/centromedicopadrepio\/files\/2021\/10\/Outubro-Rosa--1024x576.jpg 1024w, https:\/\/blog.cancaonova.com\/centromedicopadrepio\/files\/2021\/10\/Outubro-Rosa--1536x864.jpg 1536w\" sizes=\"(max-width: 817px) 100vw, 817px\" \/><\/p>\n<p>Falar abertamente sobre c\u00e2ncer de mama pode ajudar a esclarecer mitos e verdades sobre o assunto.<\/p>\n<p>Fazer o diagn\u00f3stico do c\u00e2ncer logo no in\u00edcio, facilita o tratamento.<\/p>\n<p>Muitas pessoas por medo ou desinforma\u00e7\u00e3o podem atrasar o diagn\u00f3stico.<\/p>\n<h2>O que \u00e9 Outubro Rosa?<\/h2>\n<p>\u00c9 uma campanha de conscientiza\u00e7\u00e3o que tem como objetivo a preven\u00e7\u00e3o e o diagn\u00f3stico precoce do c\u00e2ncer de mama.<br \/>\nIniciou nos Estados Unidos em 1990. No Brasil, iniciou a partir de 2002, e a partir de 2018 foi institu\u00edda como Lei Federal.<\/p>\n<h2>O que \u00e9 o c\u00e2ncer de mama?<\/h2>\n<p>\u00c9 uma doen\u00e7a resultante da multiplica\u00e7\u00e3o de c\u00e9lulas anormais da mama, que forma um tumor com potencial de invadir outros \u00f3rg\u00e3os. H\u00e1 v\u00e1rios tipos de c\u00e2ncer de mama. Alguns se desenvolvem rapidamente, e outros, n\u00e3o. A maioria dos casos tem boa resposta ao tratamento, principalmente quando diagnosticado e tratado no in\u00edcio.<\/p>\n<h2>Quais s\u00e3o os sinais e sintomas do c\u00e2ncer de mama?<\/h2>\n<p>Caro\u00e7o (n\u00f3dulo) endurecido, fixo e geralmente indolor. \u00c9 a principal manifesta\u00e7\u00e3o da doen\u00e7a, estando presente em mais de 90% dos casos.<br \/>\nAltera\u00e7\u00f5es no bico do peito (mamilo).<br \/>\nPequenos n\u00f3dulos na regi\u00e3o embaixo dos bra\u00e7os (axilas) ou no pesco\u00e7o.<br \/>\nSa\u00edda espont\u00e2nea de l\u00edquido de um dos mamilos.<br \/>\nPele da mama avermelhada, retra\u00edda ou parecida com casca de laranja. Essas altera\u00e7\u00f5es precisam ser investigadas o quanto antes, mas podem n\u00e3o ser c\u00e2ncer de mama.<\/p>\n<h2>O auto-exame previne a doen\u00e7a?<\/h2>\n<p>O exame das mamas realizado pela pr\u00f3pria mulher, apalpando os seios, ajuda no conhecimento do pr\u00f3prio corpo, entretanto, esse exame n\u00e3o substitui o exame cl\u00ednico das mamas realizado por um profissional de sa\u00fade treinado. Caso a mulher observe alguma altera\u00e7\u00e3o deve procurar imediatamente o servi\u00e7o de sa\u00fade mais pr\u00f3ximo de sua resid\u00eancia. Mesmo que n\u00e3o encontre nenhuma altera\u00e7\u00e3o no auto-exame, as mamas devem ser examinadas uma vez por ano por um profissional de sa\u00fade!<\/p>\n<h2>O que pode aumentar o risco de ter c\u00e2ncer de mama?<\/h2>\n<p>Se uma pessoa da fam\u00edlia \u2013 principalmente a m\u00e3e, irm\u00e3 ou filha \u2013 teve essa doen\u00e7a antes dos 50 anos de idade, a mulher tem mais chances de ter um c\u00e2ncer de mama.<br \/>\nQuem j\u00e1 teve c\u00e2ncer em uma das mamas ou c\u00e2ncer de ov\u00e1rio, em qualquer idade, tamb\u00e9m deve ficar atenta.<br \/>\nAs mulheres com maior risco de ter o c\u00e2ncer de mama devem tomar cuidados especiais, fazendo, a partir dos 35 anos de idade, o exame cl\u00ednico das mamas e a mamografia, uma vez por ano.<\/p>\n<p>Al\u00e9m de estarem atentas ao pr\u00f3prio corpo, \u00e9 recomendado que as mulheres fa\u00e7am exame de rotina? Sim. A mamografia \u00e9 um exame que pode ser feito de rotina (rastreamento) para identificar o c\u00e2ncer antes de a mulher ter sintomas. As mulheres devem ser informadas sobre os benef\u00edcios e riscos dessa pr\u00e1tica.<\/p>\n<h2>Quem deve fazer mamografia de rastreamento?<\/h2>\n<p>\u00c9 recomendado que mulheres de 50 a 69 anos fa\u00e7am uma mamografia a cada dois anos. A mamografia para avaliar uma altera\u00e7\u00e3o suspeita na mama \u00e9 chamada de mamografia diagn\u00f3stica e poder\u00e1 ser feita em qualquer idade quando h\u00e1 indica\u00e7\u00e3o m\u00e9dica.<\/p>\n<p>Saiba mais<br \/>\nCartilha INCA<\/p>\n<p><a href=\"https:\/\/www.inca.gov.br\/sites\/ufu.sti.inca.local\/files\/\/media\/document\/cartilha-mama-6-edicao-2021_1.pdf\">https:\/\/www.inca.gov.br\/sites\/ufu.sti.inca.local\/files\/\/media\/document\/cartilha-mama-6-edicao-2021_1.pdf<\/a><\/p>\n<p>Biblioteca Virtual em Sa\u00fade \u2013 Minist\u00e9rio da Sa\u00fade<br \/>\n<a href=\"https:\/\/bvsms.saude.gov.br\/outubro-rosa-prevencao-e-diagnostico-precoce-do-cancer-de-mama\/\">https:\/\/bvsms.saude.gov.br\/outubro-rosa-prevencao-e-diagnostico-precoce-do-cancer-de-mama\/<\/a><\/p>\n<p><img loading=\"lazy\" decoding=\"async\" class=\"wp-image-1109 alignleft\" src=\"http:\/\/blog.cancaonova.com\/centromedicopadrepio\/files\/2021\/10\/Rosa-300x300.jpg\" alt=\"\" width=\"180\" height=\"180\" srcset=\"https:\/\/blog.cancaonova.com\/centromedicopadrepio\/files\/2021\/10\/Rosa-300x300.jpg 300w, https:\/\/blog.cancaonova.com\/centromedicopadrepio\/files\/2021\/10\/Rosa-150x150.jpg 150w, https:\/\/blog.cancaonova.com\/centromedicopadrepio\/files\/2021\/10\/Rosa-768x768.jpg 768w, https:\/\/blog.cancaonova.com\/centromedicopadrepio\/files\/2021\/10\/Rosa-144x144.jpg 144w, https:\/\/blog.cancaonova.com\/centromedicopadrepio\/files\/2021\/10\/Rosa.jpg 1080w\" sizes=\"(max-width: 180px) 100vw, 180px\" \/><\/p>\n<p>&nbsp;<\/p>\n<p>Doutora M\u00e1rcia Mayumi Fujisawa<\/p>\n<p>Clinica geral no Centro M\u00e9dico Pe. Pio e Gastroenteologista.<\/p>\n<p>&nbsp;<\/p>\n<p>&nbsp;<\/p>\n","protected":false},"excerpt":{"rendered":"<p>Falar abertamente sobre c\u00e2ncer de mama pode ajudar a esclarecer mitos e verdades sobre o assunto. Fazer o diagn\u00f3stico do c\u00e2ncer logo no in\u00edcio, facilita o tratamento. Muitas pessoas por medo ou desinforma\u00e7\u00e3o podem atrasar o diagn\u00f3stico. O que \u00e9&#8230;<\/p>\n","protected":false},"author":4749,"featured_media":1103,"comment_status":"open","ping_status":"open","sticky":false,"template":"","format":"standard","meta":{"_mi_skip_tracking":false,"_monsterinsights_sitenote_active":false,"_monsterinsights_sitenote_note":"","_monsterinsights_sitenote_category":0,"footnotes":""},"categories":[15729,901],"tags":[],"_links":{"self":[{"href":"https:\/\/blog.cancaonova.com\/centromedicopadrepio\/wp-json\/wp\/v2\/posts\/1099"}],"collection":[{"href":"https:\/\/blog.cancaonova.com\/centromedicopadrepio\/wp-json\/wp\/v2\/posts"}],"about":[{"href":"https:\/\/blog.cancaonova.com\/centromedicopadrepio\/wp-json\/wp\/v2\/types\/post"}],"author":[{"embeddable":true,"href":"https:\/\/blog.cancaonova.com\/centromedicopadrepio\/wp-json\/wp\/v2\/users\/4749"}],"replies":[{"embeddable":true,"href":"https:\/\/blog.cancaonova.com\/centromedicopadrepio\/wp-json\/wp\/v2\/comments?post=1099"}],"version-history":[{"count":9,"href":"https:\/\/blog.cancaonova.com\/centromedicopadrepio\/wp-json\/wp\/v2\/posts\/1099\/revisions"}],"predecessor-version":[{"id":1111,"href":"https:\/\/blog.cancaonova.com\/centromedicopadrepio\/wp-json\/wp\/v2\/posts\/1099\/revisions\/1111"}],"wp:featuredmedia":[{"embeddable":true,"href":"https:\/\/blog.cancaonova.com\/centromedicopadrepio\/wp-json\/wp\/v2\/media\/1103"}],"wp:attachment":[{"href":"https:\/\/blog.cancaonova.com\/centromedicopadrepio\/wp-json\/wp\/v2\/media?parent=1099"}],"wp:term":[{"taxonomy":"category","embeddable":true,"href":"https:\/\/blog.cancaonova.com\/centromedicopadrepio\/wp-json\/wp\/v2\/categories?post=1099"},{"taxonomy":"post_tag","embeddable":true,"href":"https:\/\/blog.cancaonova.com\/centromedicopadrepio\/wp-json\/wp\/v2\/tags?post=1099"}],"curies":[{"name":"wp","href":"https:\/\/api.w.org\/{rel}","templated":true}]}}