{"id":1350,"date":"2022-04-14T11:50:00","date_gmt":"2022-04-14T14:50:00","guid":{"rendered":"http:\/\/blog.cancaonova.com\/centromedicopadrepio\/?p=1350"},"modified":"2022-04-14T11:50:00","modified_gmt":"2022-04-14T14:50:00","slug":"conheca-nosso-servico-de-fisioterapia","status":"publish","type":"post","link":"https:\/\/blog.cancaonova.com\/centromedicopadrepio\/conheca-nosso-servico-de-fisioterapia\/","title":{"rendered":"Conhe\u00e7a um pouco mais do nosso servi\u00e7o de Fisioterapia"},"content":{"rendered":"<p><img loading=\"lazy\" decoding=\"async\" class=\"wp-image-1351 aligncenter\" src=\"http:\/\/blog.cancaonova.com\/centromedicopadrepio\/files\/2022\/02\/DSC_5862-300x200.jpg\" alt=\"\" width=\"824\" height=\"549\" srcset=\"https:\/\/blog.cancaonova.com\/centromedicopadrepio\/files\/2022\/02\/DSC_5862-300x200.jpg 300w, https:\/\/blog.cancaonova.com\/centromedicopadrepio\/files\/2022\/02\/DSC_5862-768x512.jpg 768w\" sizes=\"(max-width: 824px) 100vw, 824px\" \/><\/p>\n<div>\n<h2><b>Contexto Hist\u00f3rico<\/b><\/h2>\n<p><span style=\"font-weight: 400\">O setor da Fisioterapia no Centro M\u00e9dico Pe. Pio teve in\u00edcio por iniciativa da fisioterapeuta Maria Em\u00edlia, juntamente com o fisioterapeuta Marcos Almeida, a fim de atender as necessidades dos peregrinos e da popula\u00e7\u00e3o local. Eles reuniram os m\u00f3veis, os aparelhos necess\u00e1rios e passaram a atender os pacientes, inicialmente como volunt\u00e1rios, em um consult\u00f3rio pequeno. E como a procura foi aumentando, passaram a ser funcion\u00e1rios do Centro M\u00e9dico.<\/span><\/p>\n<p><span style=\"font-weight: 400\">Este ano, o servi\u00e7o de Fisioterapia prestado pela Can\u00e7\u00e3o Nova completar\u00e1 19 anos de sua exist\u00eancia, sendo que os primeiros atendimentos iniciaram-se por volta de 2003, e na \u00e9poca contava com apenas atendimentos da \u00e1rea trauma-ortopedia e neuro funcional.<\/span><\/p>\n<p><span style=\"font-weight: 400\">Conforme o Centro M\u00e9dico crescia e ampliava sua estrutura e seus servi\u00e7os, o setor de Fisioterapia tamb\u00e9m se desenvolveu com novos aparelhos, novos funcion\u00e1rios e um atendimento cada vez mais humanizado.<\/span><\/p>\n<p><img loading=\"lazy\" decoding=\"async\" class=\"alignnone  wp-image-1387\" src=\"http:\/\/blog.cancaonova.com\/centromedicopadrepio\/files\/2022\/04\/DSC_5939-2-300x200.jpg\" alt=\"\" width=\"818\" height=\"545\" srcset=\"https:\/\/blog.cancaonova.com\/centromedicopadrepio\/files\/2022\/04\/DSC_5939-2-300x200.jpg 300w, https:\/\/blog.cancaonova.com\/centromedicopadrepio\/files\/2022\/04\/DSC_5939-2-768x512.jpg 768w\" sizes=\"(max-width: 818px) 100vw, 818px\" \/><\/p>\n<h2><b>Reflexos do desenvolvimento<\/b><\/h2>\n<p><span style=\"font-weight: 400\">Hoje, o Departamento da Fisioterapia conta com mais de cinco \u00e1reas de atendimento, com a disponibiliza\u00e7\u00e3o de equipamentos como bicicletas ergom\u00e9tricas vertical e horizontal, ultrassom de 1 e 3 MHz, estruturas ergom\u00e9tricas, est\u00fadio de pilates e muitos outros.<\/span><\/p>\n<p><span style=\"font-weight: 400\">Na concep\u00e7\u00e3o de uma obra que visa o crescimento profissional a servi\u00e7o do bem-estar da pessoa em primeiro lugar, \u00e9 depositada uma aten\u00e7\u00e3o mais apurada em rela\u00e7\u00e3o ao trabalho prestado ao paciente.<\/span><\/p>\n<p><span style=\"font-weight: 400\">&#8220;A fisioterapia trabalha na dor do paciente. Mediante a isso, precisamos olh\u00e1-lo como um todo que precisa ser tratado com dignidade, respeito e efici\u00eancia, gerar o amor de Deus e ajud\u00e1-lo a dar um passo diariamente, vivendo o milagre a cada dia&#8221;, relata a fisioterapeuta Cinthia Aparecida, atuante no Centro M\u00e9dico Pe. Pio.<\/span><\/p>\n<p><span style=\"font-weight: 400\">Al\u00e9m da efici\u00eancia nos atendimentos prestados pelo servi\u00e7o da Fisioterapia, que trata o f\u00edsico da pessoa com profissionalismo e efic\u00e1cia, h\u00e1 o diferencial apresentado, que \u00e9 a cura interior e espiritual. E podemos enxergar o reflexo desse servi\u00e7o nos pacientes aqui atendidos.<\/span><\/p>\n<p><span style=\"font-weight: 400\">&#8220;Se eu estou hoje bem melhor, \u00e9 pelo cuidado dos profissionais que temos no Centro M\u00e9dico Padre Pio, pois, al\u00e9m de profissionais, eles, com certeza, s\u00e3o pessoas de Deus, que cuidam e sabem nos tratar com amor, com carinho, com zelo, e isso \u00e9 muito bonito, faz muito bem para nossa alma&#8221;, afirma Padre Ademir da Silva, paciente de Fisioterapia no Centro M\u00e9dico Pe. Pio.<\/span><\/p>\n<\/div>\n<p>&nbsp;<\/p>\n","protected":false},"excerpt":{"rendered":"<p>Contexto Hist\u00f3rico O setor da Fisioterapia no Centro M\u00e9dico Pe. Pio teve in\u00edcio por iniciativa da fisioterapeuta Maria Em\u00edlia, juntamente com o fisioterapeuta Marcos Almeida, a fim de atender as necessidades dos peregrinos e da popula\u00e7\u00e3o local. Eles reuniram os&#8230;<\/p>\n","protected":false},"author":4749,"featured_media":1352,"comment_status":"open","ping_status":"open","sticky":false,"template":"","format":"standard","meta":{"_mi_skip_tracking":false,"_monsterinsights_sitenote_active":false,"_monsterinsights_sitenote_note":"","_monsterinsights_sitenote_category":0,"footnotes":""},"categories":[47],"tags":[],"_links":{"self":[{"href":"https:\/\/blog.cancaonova.com\/centromedicopadrepio\/wp-json\/wp\/v2\/posts\/1350"}],"collection":[{"href":"https:\/\/blog.cancaonova.com\/centromedicopadrepio\/wp-json\/wp\/v2\/posts"}],"about":[{"href":"https:\/\/blog.cancaonova.com\/centromedicopadrepio\/wp-json\/wp\/v2\/types\/post"}],"author":[{"embeddable":true,"href":"https:\/\/blog.cancaonova.com\/centromedicopadrepio\/wp-json\/wp\/v2\/users\/4749"}],"replies":[{"embeddable":true,"href":"https:\/\/blog.cancaonova.com\/centromedicopadrepio\/wp-json\/wp\/v2\/comments?post=1350"}],"version-history":[{"count":10,"href":"https:\/\/blog.cancaonova.com\/centromedicopadrepio\/wp-json\/wp\/v2\/posts\/1350\/revisions"}],"predecessor-version":[{"id":1388,"href":"https:\/\/blog.cancaonova.com\/centromedicopadrepio\/wp-json\/wp\/v2\/posts\/1350\/revisions\/1388"}],"wp:featuredmedia":[{"embeddable":true,"href":"https:\/\/blog.cancaonova.com\/centromedicopadrepio\/wp-json\/wp\/v2\/media\/1352"}],"wp:attachment":[{"href":"https:\/\/blog.cancaonova.com\/centromedicopadrepio\/wp-json\/wp\/v2\/media?parent=1350"}],"wp:term":[{"taxonomy":"category","embeddable":true,"href":"https:\/\/blog.cancaonova.com\/centromedicopadrepio\/wp-json\/wp\/v2\/categories?post=1350"},{"taxonomy":"post_tag","embeddable":true,"href":"https:\/\/blog.cancaonova.com\/centromedicopadrepio\/wp-json\/wp\/v2\/tags?post=1350"}],"curies":[{"name":"wp","href":"https:\/\/api.w.org\/{rel}","templated":true}]}}