{"id":424,"date":"2019-08-29T10:03:24","date_gmt":"2019-08-29T13:03:24","guid":{"rendered":"http:\/\/blog.cancaonova.com\/postopadrepio\/?p=424"},"modified":"2019-08-29T11:43:03","modified_gmt":"2019-08-29T14:43:03","slug":"encontrei-na-psicologia-um-novo-sentido-de-vida","status":"publish","type":"post","link":"https:\/\/blog.cancaonova.com\/centromedicopadrepio\/encontrei-na-psicologia-um-novo-sentido-de-vida\/","title":{"rendered":"Encontrei na psicologia um novo sentido de vida"},"content":{"rendered":"<p>&nbsp;<\/p>\n<div id=\"attachment_425\" style=\"width: 610px\" class=\"wp-caption aligncenter\"><img loading=\"lazy\" decoding=\"async\" aria-describedby=\"caption-attachment-425\" class=\"size-large wp-image-425\" src=\"http:\/\/blog.cancaonova.com\/postopadrepio\/files\/2019\/08\/formacao_a-historia-de-luta-e-vitoria-de-uma-pessoa-com-deficiencia-600x300.jpg\" alt=\"\" width=\"600\" height=\"300\" srcset=\"https:\/\/blog.cancaonova.com\/centromedicopadrepio\/files\/2019\/08\/formacao_a-historia-de-luta-e-vitoria-de-uma-pessoa-com-deficiencia-600x300.jpg 600w, https:\/\/blog.cancaonova.com\/centromedicopadrepio\/files\/2019\/08\/formacao_a-historia-de-luta-e-vitoria-de-uma-pessoa-com-deficiencia-300x150.jpg 300w, https:\/\/blog.cancaonova.com\/centromedicopadrepio\/files\/2019\/08\/formacao_a-historia-de-luta-e-vitoria-de-uma-pessoa-com-deficiencia-150x75.jpg 150w\" sizes=\"(max-width: 600px) 100vw, 600px\" \/><p id=\"caption-attachment-425\" class=\"wp-caption-text\">Encontrei na psicologia um novo sentido de vida &#8211;&nbsp;Foto: Wesley Almeida\/cancaonova.com<\/p><\/div>\n<p>Nessa semana onde celebramos o dia do Psic\u00f3logo \u00e9 muito gratificante escrever sobre essa profiss\u00e3o fascinante que eu escolhi e que tem seus encantos, belezas, magias, descobertas e me proporcionou um novo sentido de vida, um encontro pessoal com Deus, comigo e com a minha miss\u00e3o.<\/p>\n<p>Aprendi atrav\u00e9s de muitas l\u00e1grimas, ren\u00fancias, medos, indecis\u00f5es e perdas, a tomar a maior e a melhor decis\u00e3o da minha vida. Me fez reviver e me ajudou a reacender a chama da esperan\u00e7a e da f\u00e9, tornou poss\u00edvel sentir em meio a tantas dores o imenso amor de Deus por mim, me fazendo enxergar que aquele sonho de menina que eu trazia comigo n\u00e3o havia morrido, apenas estava adormecido, esperando a menina virar mulher e vencer todo processo doloroso que enquanto seres humanos estamos sujeitos a passar.<\/p>\n<p>Sair daquele vazio profundo que consumia sua alma e te deixava com sabor amargo de impot\u00eancia e inutilidade perante a vida. A menina\/ mulher precisava crescer interiormente, amadurecer emocionalmente, trabalhar os seus lutos internos e di\u00e1rios e dar uma resposta diferente que marcaria para sempre sua vida. Havia chegado a hora de tomar a decis\u00e3o mais importante e dif\u00edcil.<\/p>\n<p>Voltar a trabalhar e abrir m\u00e3o de uma aposentadoria por invalidez, devido a um grav\u00edssimo acidente de carro que me deixou em uma cadeira de rodas, e tornar real o sonho mais lindo que Deus havia reservado e que estava guardado dentro do meu cora\u00e7\u00e3o, experimentar mesmo mediante tanta dor e sofrimento a gra\u00e7a de Deus se manifestar e passar a exercer a minha grande e maior paix\u00e3o a minha amada profiss\u00e3o Psicologia, que ressuscitou os meus sonhos, motivou a viver com mais entusiamo e amor, exigiu de mim mais conhecimentos e estudos, reacendeu o meu melhor,&nbsp; trouxe o mais belo sorriso, me deu novos sentidos de vida e me proporciona diariamente dentro da linda miss\u00e3o que o Senhor me confiou enquanto \u201cPSIC\u00d3LOGA\u201d a testemunhar com o meu trabalho e com a minha vida que eu sou um grande milagre de Deus e que Ele \u00e9 a minha grande fortaleza.<\/p>\n<p>Era preciso aprender a conviver com os preconceitos, com as indiferen\u00e7as e com as dificuldades que ainda causam sofrimentos mas tamb\u00e9m aprendizado, pois existem dores maiores que a minha e que por \u201cAMOR\u201d eu decidi recome\u00e7ar e voltar a trabalhar ajudando muitas pessoas a se reencontrarem pois eu Renasci para amar e para cuidar.<\/p>\n<p>E para finalizar gostaria de parabenizar todos os meus colegas de profiss\u00e3o, que assim como eu acreditam que a nossa miss\u00e3o faz toda diferen\u00e7a e que o dom que Deus nos concedeu \u00e9 realmente divino e \u00fanico; pois aprendemos a amar na escuta e no sil\u00eancio.<\/p>\n<p><strong>Renata Andr\u00e9ia Ribeiro,&nbsp;<\/strong><strong>Psic\u00f3loga no Posto M\u00e9dico Padre Pio.<\/strong><\/p>\n","protected":false},"excerpt":{"rendered":"<p>&nbsp; Nessa semana onde celebramos o dia do Psic\u00f3logo \u00e9 muito gratificante escrever sobre essa profiss\u00e3o fascinante que eu escolhi e que tem seus encantos, belezas, magias, descobertas e me proporcionou um novo sentido de vida, um encontro pessoal com&#8230;<\/p>\n","protected":false},"author":4724,"featured_media":425,"comment_status":"open","ping_status":"open","sticky":false,"template":"","format":"standard","meta":{"_mi_skip_tracking":false,"_monsterinsights_sitenote_active":false,"_monsterinsights_sitenote_note":"","_monsterinsights_sitenote_category":0,"footnotes":""},"categories":[97],"tags":[16073,3561,48978,8741],"_links":{"self":[{"href":"https:\/\/blog.cancaonova.com\/centromedicopadrepio\/wp-json\/wp\/v2\/posts\/424"}],"collection":[{"href":"https:\/\/blog.cancaonova.com\/centromedicopadrepio\/wp-json\/wp\/v2\/posts"}],"about":[{"href":"https:\/\/blog.cancaonova.com\/centromedicopadrepio\/wp-json\/wp\/v2\/types\/post"}],"author":[{"embeddable":true,"href":"https:\/\/blog.cancaonova.com\/centromedicopadrepio\/wp-json\/wp\/v2\/users\/4724"}],"replies":[{"embeddable":true,"href":"https:\/\/blog.cancaonova.com\/centromedicopadrepio\/wp-json\/wp\/v2\/comments?post=424"}],"version-history":[{"count":4,"href":"https:\/\/blog.cancaonova.com\/centromedicopadrepio\/wp-json\/wp\/v2\/posts\/424\/revisions"}],"predecessor-version":[{"id":431,"href":"https:\/\/blog.cancaonova.com\/centromedicopadrepio\/wp-json\/wp\/v2\/posts\/424\/revisions\/431"}],"wp:featuredmedia":[{"embeddable":true,"href":"https:\/\/blog.cancaonova.com\/centromedicopadrepio\/wp-json\/wp\/v2\/media\/425"}],"wp:attachment":[{"href":"https:\/\/blog.cancaonova.com\/centromedicopadrepio\/wp-json\/wp\/v2\/media?parent=424"}],"wp:term":[{"taxonomy":"category","embeddable":true,"href":"https:\/\/blog.cancaonova.com\/centromedicopadrepio\/wp-json\/wp\/v2\/categories?post=424"},{"taxonomy":"post_tag","embeddable":true,"href":"https:\/\/blog.cancaonova.com\/centromedicopadrepio\/wp-json\/wp\/v2\/tags?post=424"}],"curies":[{"name":"wp","href":"https:\/\/api.w.org\/{rel}","templated":true}]}}