{"id":742,"date":"2020-02-13T13:24:01","date_gmt":"2020-02-13T16:24:01","guid":{"rendered":"http:\/\/blog.cancaonova.com\/postopadrepio\/?p=742"},"modified":"2021-12-15T09:26:04","modified_gmt":"2021-12-15T12:26:04","slug":"dengue-sintomas-transmissao-e-tratamento","status":"publish","type":"post","link":"https:\/\/blog.cancaonova.com\/centromedicopadrepio\/dengue-sintomas-transmissao-e-tratamento\/","title":{"rendered":"Dengue: sintomas, transmiss\u00e3o e tratamento"},"content":{"rendered":"<h4><em><strong>O que \u00e9 Dengue?\u00a0<\/strong><\/em><\/h4>\n<p>Dengue \u00e9 uma doen\u00e7a infecciosa, causada por um v\u00edrus transmitido pelo mosquito Aedes Aegypti.<\/p>\n<p>O nome da doen\u00e7a tem origem da palavra espanhola \u201cmelindre\u201d, que quer dizer \u201cmanha\u201d, e faz refer\u00eancia ao estado de moleza e prostra\u00e7\u00e3o que fica o doente.<\/p>\n<p>As epidemias ocorrem geralmente no ver\u00e3o, durante ou imediatamente per\u00edodos chuvosos, em \u00e1reas tropicais e subtropicais, inclusive no Brasil.<\/p>\n<p>Existem quatro tipos de v\u00edrus diferentes (DEN-1, DEN-2, DEN-3 e DEN-4). Eles s\u00e3o do ponto de vista cient\u00edficos absolutamente iguais, causam os mesmos sinais e sintomas.<\/p>\n<p>A diferen\u00e7a \u00e9 que cada vez que voc\u00ea contrai um tipo de v\u00edrus, n\u00e3o pode mais ser contaminado por ele, ou seja, cada vez que voc\u00ea contrai a dengue foi por um tipo de v\u00edrus diferente.<\/p>\n<p>Ningu\u00e9m tem dengue tipo 1 mais de uma vez na vida. Se voc\u00ea j\u00e1 teve dengue mais de uma vez, \u00e9 porque j\u00e1 foi infectado por mais de um tipo do v\u00edrus.<\/p>\n<p>A possibilidade de reincid\u00eancia da Dengue \u00e9 preocupante! Por conta dos diferentes tipos de v\u00edrus existentes, a probabilidade de um indiv\u00edduo contrair a doen\u00e7a mais de uma vez \u00e9 alta.<\/p>\n<p>A cada vez que se contrai a doen\u00e7a os sinais e sintomas s\u00e3o mais severos e agressivos, fazendo com que o sistema imunol\u00f3gico responda de forma exacerbada, o que pode causar inflama\u00e7\u00f5es e levar a les\u00f5es nos vasos sangu\u00edneos, podendo chegar a dengue hemorr\u00e1gica.<\/p>\n<p>A cada vez que se contrai a Dengue Cl\u00e1ssica, os riscos de evolu\u00e7\u00e3o para a Dengue Hemorr\u00e1gica (que \u00e9 a forma mais grave da doen\u00e7a e costuma se manifestar ap\u00f3s o quinto dia dos sinais e sintomas) aumentam.<\/p>\n<p>S\u00e3o considerados casos suspeitos de dengue indiv\u00edduos com febre alta (39\u00b0c a 40\u00b0c) de in\u00edcio s\u00fabito, com dura\u00e7\u00e3o m\u00e1xima de 7 dias, acompanhada de pelo menos dois dos seguintes sinais e sintomas:<\/p>\n<ul>\n<li>Cefaleia (dor de cabe\u00e7a);<\/li>\n<li>Dor no fundo dos olhos;<\/li>\n<li>Dor no corpo ou articula\u00e7\u00f5es;<\/li>\n<li>Fraqueza;<\/li>\n<li>Exantema (erup\u00e7\u00f5es cut\u00e2neas).<\/li>\n<\/ul>\n<h4><strong><em>Veja os sinais e sintomas da Dengue Cl\u00e1ssica e Hemorr\u00e1gica:<\/em><\/strong><\/h4>\n<p><img loading=\"lazy\" decoding=\"async\" class=\"size-large wp-image-743 aligncenter\" src=\"http:\/\/blog.cancaonova.com\/postopadrepio\/files\/2020\/02\/Dengue-Posto-Medico-padre-pio-600x300.png\" alt=\"\" width=\"600\" height=\"300\" \/><\/p>\n<h4><strong><em>Transmiss\u00e3o<\/em><\/strong><\/h4>\n<p>O v\u00edrus \u00e9 transmitido exclusivamente pela picada do mosquito Aedes Aegypti contaminado. Somente a f\u00eamea transmite a doen\u00e7a. Este \u00e9 um mosquito de h\u00e1bitos diurnos, que se multiplica em \u00e1gua parada, limpa ou suja, nos quintais e dentro de casa; e \u00e9 o mesmo transmissor da Chikungunya e Zika V\u00edrus.<\/p>\n<h4><em><strong>Tratamento<\/strong><\/em><\/h4>\n<p>A Dengue n\u00e3o possui um medicamento ou tratamento espec\u00edfico, apenas al\u00edvio dos sintomas. As recomenda\u00e7\u00f5es s\u00e3o:<\/p>\n<ul>\n<li>Aos primeiros sintomas, procurar imediatamente atendimento m\u00e9dico;<\/li>\n<li>Tratar sintomas at\u00e9 que o ciclo do v\u00edrus se conclua;<\/li>\n<li>Beber muita \u00e1gua;<\/li>\n<li>Repousar;<\/li>\n<li>Usar medica\u00e7\u00e3o indicada;<\/li>\n<li>Proibido tomar qualquer rem\u00e9dio a base de \u00e1cido acetil-salic\u00edlico.<\/li>\n<\/ul>\n<h4><em><strong>Diagn\u00f3stico<\/strong><\/em><\/h4>\n<p>Exame cl\u00ednico: avalia\u00e7\u00e3o m\u00e9dica dos sinais e sintomas, hist\u00f3rico e quadro cl\u00ednico do paciente;<\/p>\n<p>Exames laboratoriais: atrav\u00e9s do sangue para se avaliar a queda de leuc\u00f3citos e plaquetas, e tamb\u00e9m o teste r\u00e1pido ou o sorol\u00f3gico;<\/p>\n<p>Prova do la\u00e7o: demonstra a fragilidade dos capilares e a poss\u00edvel queda de plaquetas.<\/p>\n<h4><em><strong>Vacina<\/strong><\/em><\/h4>\n<p>Existe uma \u00fanica vacina contra a Dengue no mundo, produzida na Fran\u00e7a, chamada de Dengvaxia.<\/p>\n<p>Indicada para preven\u00e7\u00e3o dos quatro subtipos da doen\u00e7a, 1, 2, 3 e 4.<\/p>\n<p>Foi liberada para uso no Brasil pela ANVISA em 2015, por\u00e9m N\u00c3O est\u00e1 dispon\u00edvel pelo SUS. Somente encontrada em cl\u00ednicas particulares; liberada para pessoas de 09 a 45 anos e residentes em \u00e1reas end\u00eamicas.<\/p>\n<div id=\"attachment_751\" style=\"width: 130px\" class=\"wp-caption alignleft\"><img loading=\"lazy\" decoding=\"async\" aria-describedby=\"caption-attachment-751\" class=\"wp-image-751\" src=\"http:\/\/blog.cancaonova.com\/postopadrepio\/files\/2020\/02\/Juliana-de-Paula-Nogueira-Enfermeira-no-Posto-M\u00e9dico-Padre-Pio-e-P\u00f3s-graduada-em-Licenciatura-em-Enfermagem.-1-138x300.jpg\" alt=\"\" width=\"120\" height=\"260\" srcset=\"https:\/\/blog.cancaonova.com\/centromedicopadrepio\/files\/2020\/02\/Juliana-de-Paula-Nogueira-Enfermeira-no-Posto-M\u00e9dico-Padre-Pio-e-P\u00f3s-graduada-em-Licenciatura-em-Enfermagem.-1-138x300.jpg 138w, https:\/\/blog.cancaonova.com\/centromedicopadrepio\/files\/2020\/02\/Juliana-de-Paula-Nogueira-Enfermeira-no-Posto-M\u00e9dico-Padre-Pio-e-P\u00f3s-graduada-em-Licenciatura-em-Enfermagem.-1.jpg 236w\" sizes=\"(max-width: 120px) 100vw, 120px\" \/><p id=\"caption-attachment-751\" class=\"wp-caption-text\">Juliana de Paula Nogueira, Enfermeira no Posto M\u00e9dico Padre Pio e P\u00f3s graduada em Licenciatura em Enfermagem.<\/p><\/div>\n<p><img loading=\"lazy\" decoding=\"async\" class=\"alignnone wp-image-747 size-full\" src=\"http:\/\/blog.cancaonova.com\/postopadrepio\/files\/2020\/02\/Juliana-de-Paula-Nogueira-Enfermeira-no-Posto-M\u00e9dico-Padre-Pio-e-P\u00f3s-graduada-em-Licenciatura-em-Enfermagem..jpg\" alt=\"\" width=\"236\" height=\"512\" \/><\/p>\n<p>&nbsp;<\/p>\n<p><img loading=\"lazy\" decoding=\"async\" class=\"alignleft wp-image-747 size-full\" src=\"http:\/\/blog.cancaonova.com\/postopadrepio\/files\/2020\/02\/Juliana-de-Paula-Nogueira-Enfermeira-no-Posto-M\u00e9dico-Padre-Pio-e-P\u00f3s-graduada-em-Licenciatura-em-Enfermagem..jpg\" alt=\"\" width=\"236\" height=\"512\" \/><\/p>\n","protected":false},"excerpt":{"rendered":"<p>O que \u00e9 Dengue?\u00a0 Dengue \u00e9 uma doen\u00e7a infecciosa, causada por um v\u00edrus transmitido pelo mosquito Aedes Aegypti. O nome da doen\u00e7a tem origem da palavra espanhola \u201cmelindre\u201d, que quer dizer \u201cmanha\u201d, e faz refer\u00eancia ao estado de moleza e&#8230;<\/p>\n","protected":false},"author":4724,"featured_media":757,"comment_status":"open","ping_status":"open","sticky":false,"template":"","format":"standard","meta":{"_mi_skip_tracking":false,"_monsterinsights_sitenote_active":false,"_monsterinsights_sitenote_note":"","_monsterinsights_sitenote_category":0,"footnotes":""},"categories":[901],"tags":[31855,23122,26887],"_links":{"self":[{"href":"https:\/\/blog.cancaonova.com\/centromedicopadrepio\/wp-json\/wp\/v2\/posts\/742"}],"collection":[{"href":"https:\/\/blog.cancaonova.com\/centromedicopadrepio\/wp-json\/wp\/v2\/posts"}],"about":[{"href":"https:\/\/blog.cancaonova.com\/centromedicopadrepio\/wp-json\/wp\/v2\/types\/post"}],"author":[{"embeddable":true,"href":"https:\/\/blog.cancaonova.com\/centromedicopadrepio\/wp-json\/wp\/v2\/users\/4724"}],"replies":[{"embeddable":true,"href":"https:\/\/blog.cancaonova.com\/centromedicopadrepio\/wp-json\/wp\/v2\/comments?post=742"}],"version-history":[{"count":12,"href":"https:\/\/blog.cancaonova.com\/centromedicopadrepio\/wp-json\/wp\/v2\/posts\/742\/revisions"}],"predecessor-version":[{"id":1247,"href":"https:\/\/blog.cancaonova.com\/centromedicopadrepio\/wp-json\/wp\/v2\/posts\/742\/revisions\/1247"}],"wp:featuredmedia":[{"embeddable":true,"href":"https:\/\/blog.cancaonova.com\/centromedicopadrepio\/wp-json\/wp\/v2\/media\/757"}],"wp:attachment":[{"href":"https:\/\/blog.cancaonova.com\/centromedicopadrepio\/wp-json\/wp\/v2\/media?parent=742"}],"wp:term":[{"taxonomy":"category","embeddable":true,"href":"https:\/\/blog.cancaonova.com\/centromedicopadrepio\/wp-json\/wp\/v2\/categories?post=742"},{"taxonomy":"post_tag","embeddable":true,"href":"https:\/\/blog.cancaonova.com\/centromedicopadrepio\/wp-json\/wp\/v2\/tags?post=742"}],"curies":[{"name":"wp","href":"https:\/\/api.w.org\/{rel}","templated":true}]}}