{"id":768,"date":"2021-10-21T08:17:21","date_gmt":"2021-10-21T11:17:21","guid":{"rendered":"http:\/\/blog.cancaonova.com\/postopadrepio\/?p=768"},"modified":"2021-11-11T08:46:59","modified_gmt":"2021-11-11T11:46:59","slug":"escovacao-na-infancia","status":"publish","type":"post","link":"https:\/\/blog.cancaonova.com\/centromedicopadrepio\/escovacao-na-infancia\/","title":{"rendered":"A import\u00e2ncia da escova\u00e7\u00e3o na inf\u00e2ncia"},"content":{"rendered":"<div id=\"attachment_1119\" style=\"width: 1610px\" class=\"wp-caption alignnone\"><img loading=\"lazy\" decoding=\"async\" aria-describedby=\"caption-attachment-1119\" class=\"size-full wp-image-1119\" src=\"http:\/\/blog.cancaonova.com\/centromedicopadrepio\/files\/2021\/10\/1600x1200-solicitacao-Ananda.jpg\" alt=\"\" width=\"1600\" height=\"1200\" srcset=\"https:\/\/blog.cancaonova.com\/centromedicopadrepio\/files\/2021\/10\/1600x1200-solicitacao-Ananda.jpg 1600w, https:\/\/blog.cancaonova.com\/centromedicopadrepio\/files\/2021\/10\/1600x1200-solicitacao-Ananda-300x225.jpg 300w, https:\/\/blog.cancaonova.com\/centromedicopadrepio\/files\/2021\/10\/1600x1200-solicitacao-Ananda-768x576.jpg 768w\" sizes=\"(max-width: 1600px) 100vw, 1600px\" \/><p id=\"caption-attachment-1119\" class=\"wp-caption-text\">Cr\u00e9ditos: PeopleImages by Getty Images<\/p><\/div>\n<p><span style=\"font-weight: 400\">Na inf\u00e2ncia, \u00e9 extremamente importante cuidar dos dentes de leite dos pequenos e escov\u00e1-los bem. Mesmo que eles permane\u00e7am pouco tempo na boca, exercem um papel muito importante, ajudando a crian\u00e7a a morder e mastigar os alimentos e a desenvolver a fala corretamente. Os dentes de leite tamb\u00e9m servem como guia para o posicionamento correto da erup\u00e7\u00e3o.<\/span><\/p>\n<p><span style=\"font-weight: 400\">De acordo com as pesquisas, as crian\u00e7as que desenvolvem c\u00e1ries nos seus dentes de leite s\u00e3o mais propensas a desenvolver c\u00e1ries quando adultas. Por isso \u00e9 de suma import\u00e2ncia manter os dentes do seu filho sempre limpos e lev\u00e1-lo a uma consulta com o dentista, principalmente quando nascerem os permanentes, pois ser\u00e3o os dentes que durar\u00e3o o resto da vida.<\/span><\/p>\n<p><span style=\"font-weight: 400\">Sabemos que as crian\u00e7as t\u00eam uma certa dificuldade e falta de habilidade para escovar os dentes, por isso orientamos os pais no sentido de ajud\u00e1-los na hora da escova\u00e7\u00e3o.<\/span><\/p>\n<ol>\n<li><span style=\"font-weight: 400\"> Escolha uma escova de dente com cerdas macias;<\/span><\/li>\n<li><span style=\"font-weight: 400\"> Segure a escova de dente colocando uma m\u00e3o sobre a m\u00e3o da crian\u00e7a para orientar o movimento da escova;<\/span><\/li>\n<li><span style=\"font-weight: 400\"> Ensine a crian\u00e7a a escovar. (Quebre o processo em pequenos espa\u00e7os para que ela possa entender e praticar. Caso a crian\u00e7a tenha dificuldade motora, pe\u00e7a ajuda a um dentista, terapeuta ocupacional ou especialista em inf\u00e2ncia);<\/span><\/li>\n<li><span style=\"font-weight: 400\"> Use creme dental com fl\u00faor, e que tenha um sabor agrad\u00e1vel para a crian\u00e7a. (O adulto deve supervisionar a quantidade de creme dental na escova);<\/span><\/li>\n<\/ol>\n<p><span style=\"font-weight: 400\">&#8211; Para crian\u00e7as menores de 2 anos, use uma pequena mancha de pasta de dente;<\/span><\/p>\n<p><span style=\"font-weight: 400\">&#8211; Para crian\u00e7as de 2 a 5 anos, utilize a quantidade do tamanho de uma ervilha;<\/span><\/p>\n<p><span style=\"font-weight: 400\">&#8211; Se a crian\u00e7a n\u00e3o puder cuspir, incline a cabe\u00e7a dela para que fique com a boca para baixo, de modo que a pasta de dente escorra na pia, a fim de que ela se sinta confort\u00e1vel.<\/span><\/p>\n<p><b>Dica:<\/b><span style=\"font-weight: 400\"> Coloque uma cadeirinha ou um banco para a crian\u00e7a alcan\u00e7ar a pia, ao lado de um adulto, e utilize um copo para auxiliar no bochecho com \u00e1gua.<\/span><\/p>\n<ol start=\"5\">\n<li><span style=\"font-weight: 400\"> Mantenha sempre a crian\u00e7a envolvida na escova\u00e7\u00e3o. Use time, can\u00e7\u00e3o curta para incentivar a escova\u00e7\u00e3o por 2 minutos.<\/span><\/li>\n<\/ol>\n<h4><b>Alimenta\u00e7\u00e3o<\/b><\/h4>\n<p><span style=\"font-weight: 400\">A alimenta\u00e7\u00e3o contribui para a sa\u00fade bucal, pois os alimentos que ingerimos desde a inf\u00e2ncia t\u00eam forte rela\u00e7\u00e3o com a sa\u00fade dos nossos dentes. Uma crian\u00e7a que consome muito a\u00e7\u00facar tem mais chances de desenvolver c\u00e1ries e diabetes. Principalmente a crian\u00e7a que tem o h\u00e1bito de mamar o famoso &#8220;achocolatado&#8221; antes de dormir, e logo ap\u00f3s n\u00e3o escova os dentes; isso acaba gerando a c\u00e1rie de mamadeira.<\/span><\/p>\n<p><span style=\"font-weight: 400\">Sem contar quando os pais adicionam a\u00e7\u00facar na mamadeira, fazendo com que a c\u00e1rie receba um fortificante. Se seu filho tem esse h\u00e1bito, o que voc\u00ea deve fazer \u00e9 escovar os dentes dele ap\u00f3s ter mamado, para que diminua o risco de ter c\u00e1rie.<\/span><\/p>\n<p><span style=\"font-weight: 400\">Sabemos que para muitos pais escovar os dentes das crian\u00e7as e ensin\u00e1-las a escovar \u00e9 um verdadeiro desafio, mas \u00e9 uma luta que vale a pena! A c\u00e1rie continua sendo a doen\u00e7a cr\u00f4nica mais comum entre as crian\u00e7as de 0 a 6 anos, e a m\u00e1 higiene bucal tem sido associada a v\u00e1rios pontos cr\u00edticos, que v\u00e3o desde atrasos na fala at\u00e9 dores e infec\u00e7\u00f5es dent\u00e1rias.<\/span><\/p>\n<p><span style=\"font-weight: 400\">A sa\u00fade bucal est\u00e1 intimamente ligada \u00e0 sa\u00fade geral. Se garantirmos que as crian\u00e7as recebam educa\u00e7\u00e3o e atendimento odontol\u00f3gico adequado desde o in\u00edcio, isso as ajudar\u00e1 a ser saud\u00e1veis durante toda a vida.<\/span><\/p>\n<h4><strong>Leia tamb\u00e9m:<\/strong><\/h4>\n<p><a href=\"http:\/\/blog.cancaonova.com\/postopadrepio\/2020\/01\/09\/dor-na-atm-saiba-mais\/\">Dor na ATM: saiba o que pode causar e como tratar<\/a><\/p>\n<p><a href=\"http:\/\/blog.cancaonova.com\/postopadrepio\/2019\/12\/05\/mau-halito-problema-no-estomago-ou-higiene-incorreta\/\">Mau h\u00e1lito: problema no est\u00f4mago ou higiene incorreta?<\/a><\/p>\n<div id=\"attachment_684\" style=\"width: 221px\" class=\"wp-caption alignnone\"><img loading=\"lazy\" decoding=\"async\" aria-describedby=\"caption-attachment-684\" class=\"wp-image-684 \" src=\"http:\/\/blog.cancaonova.com\/postopadrepio\/files\/2020\/01\/Dor-na-ATM-saiba-o-que-pode-causar-e-como-tratar-Posto-Medico-Padre-Pio.jpg\" alt=\"\" width=\"211\" height=\"375\" srcset=\"https:\/\/blog.cancaonova.com\/centromedicopadrepio\/files\/2020\/01\/Dor-na-ATM-saiba-o-que-pode-causar-e-como-tratar-Posto-Medico-Padre-Pio.jpg 288w, https:\/\/blog.cancaonova.com\/centromedicopadrepio\/files\/2020\/01\/Dor-na-ATM-saiba-o-que-pode-causar-e-como-tratar-Posto-Medico-Padre-Pio-169x300.jpg 169w\" sizes=\"(max-width: 211px) 100vw, 211px\" \/><p id=\"caption-attachment-684\" class=\"wp-caption-text\">Alinne Laura Vituriano Souza, Cl\u00ednico Geral e Cirurgi\u00e3o-Dentista.<\/p><\/div>\n<p>&nbsp;<\/p>\n","protected":false},"excerpt":{"rendered":"<p>Na inf\u00e2ncia, \u00e9 extremamente importante cuidar dos dentes de leite dos pequenos e escov\u00e1-los bem. Mesmo que eles permane\u00e7am pouco tempo na boca, exercem um papel muito importante, ajudando a crian\u00e7a a morder e mastigar os alimentos e a desenvolver&#8230;<\/p>\n","protected":false},"author":4724,"featured_media":1119,"comment_status":"open","ping_status":"open","sticky":false,"template":"","format":"standard","meta":{"_mi_skip_tracking":false,"_monsterinsights_sitenote_active":false,"_monsterinsights_sitenote_note":"","_monsterinsights_sitenote_category":0,"footnotes":""},"categories":[901],"tags":[15792],"_links":{"self":[{"href":"https:\/\/blog.cancaonova.com\/centromedicopadrepio\/wp-json\/wp\/v2\/posts\/768"}],"collection":[{"href":"https:\/\/blog.cancaonova.com\/centromedicopadrepio\/wp-json\/wp\/v2\/posts"}],"about":[{"href":"https:\/\/blog.cancaonova.com\/centromedicopadrepio\/wp-json\/wp\/v2\/types\/post"}],"author":[{"embeddable":true,"href":"https:\/\/blog.cancaonova.com\/centromedicopadrepio\/wp-json\/wp\/v2\/users\/4724"}],"replies":[{"embeddable":true,"href":"https:\/\/blog.cancaonova.com\/centromedicopadrepio\/wp-json\/wp\/v2\/comments?post=768"}],"version-history":[{"count":15,"href":"https:\/\/blog.cancaonova.com\/centromedicopadrepio\/wp-json\/wp\/v2\/posts\/768\/revisions"}],"predecessor-version":[{"id":1121,"href":"https:\/\/blog.cancaonova.com\/centromedicopadrepio\/wp-json\/wp\/v2\/posts\/768\/revisions\/1121"}],"wp:featuredmedia":[{"embeddable":true,"href":"https:\/\/blog.cancaonova.com\/centromedicopadrepio\/wp-json\/wp\/v2\/media\/1119"}],"wp:attachment":[{"href":"https:\/\/blog.cancaonova.com\/centromedicopadrepio\/wp-json\/wp\/v2\/media?parent=768"}],"wp:term":[{"taxonomy":"category","embeddable":true,"href":"https:\/\/blog.cancaonova.com\/centromedicopadrepio\/wp-json\/wp\/v2\/categories?post=768"},{"taxonomy":"post_tag","embeddable":true,"href":"https:\/\/blog.cancaonova.com\/centromedicopadrepio\/wp-json\/wp\/v2\/tags?post=768"}],"curies":[{"name":"wp","href":"https:\/\/api.w.org\/{rel}","templated":true}]}}