{"id":987,"date":"2021-07-14T08:57:27","date_gmt":"2021-07-14T11:57:27","guid":{"rendered":"http:\/\/blog.cancaonova.com\/centromedicopadrepio\/?p=987"},"modified":"2021-12-15T10:27:16","modified_gmt":"2021-12-15T13:27:16","slug":"vacina-bcg","status":"publish","type":"post","link":"https:\/\/blog.cancaonova.com\/centromedicopadrepio\/vacina-bcg\/","title":{"rendered":"Vacina BCG conhe\u00e7a sua import\u00e2ncia, recomenda\u00e7\u00f5es e curiosidades"},"content":{"rendered":"<div id=\"attachment_988\" style=\"width: 2250px\" class=\"wp-caption aligncenter\"><a href=\"http:\/\/blog.cancaonova.com\/centromedicopadrepio\/files\/2021\/07\/Design-sem-nome-1.png\"><img loading=\"lazy\" decoding=\"async\" aria-describedby=\"caption-attachment-988\" class=\"wp-image-988 size-full\" src=\"http:\/\/blog.cancaonova.com\/centromedicopadrepio\/files\/2021\/07\/Design-sem-nome-1.png\" alt=\"\" width=\"2240\" height=\"1260\" srcset=\"https:\/\/blog.cancaonova.com\/centromedicopadrepio\/files\/2021\/07\/Design-sem-nome-1.png 2240w, https:\/\/blog.cancaonova.com\/centromedicopadrepio\/files\/2021\/07\/Design-sem-nome-1-300x169.png 300w, https:\/\/blog.cancaonova.com\/centromedicopadrepio\/files\/2021\/07\/Design-sem-nome-1-768x432.png 768w, https:\/\/blog.cancaonova.com\/centromedicopadrepio\/files\/2021\/07\/Design-sem-nome-1-384x216.png 384w, https:\/\/blog.cancaonova.com\/centromedicopadrepio\/files\/2021\/07\/Design-sem-nome-1-512x288.png 512w, https:\/\/blog.cancaonova.com\/centromedicopadrepio\/files\/2021\/07\/Design-sem-nome-1-1024x576.png 1024w, https:\/\/blog.cancaonova.com\/centromedicopadrepio\/files\/2021\/07\/Design-sem-nome-1-1536x864.png 1536w\" sizes=\"(max-width: 2240px) 100vw, 2240px\" \/><\/a><p id=\"caption-attachment-988\" class=\"wp-caption-text\">Imagem: pixabay<\/p><\/div>\n<p>&nbsp;<\/p>\n<h2><b>O que a vacina previne?<\/b><\/h2>\n<p><span style=\"font-weight: 400\">A vacina BCG foi criada no dia 1\u00b0 de julho de 1921. Ela \u00e9 utilizada na preven\u00e7\u00e3o da tuberculose e das formas mais graves da doen\u00e7a, como a tuberculose miliar e a meningite tuberculosa, uma doen\u00e7a de transmiss\u00e3o a\u00e9rea a partir da inala\u00e7\u00e3o de aeross\u00f3is contaminados pelo Mycobacterium tuberculosis pelas vias a\u00e9reas durante a fala, o espirro ou a tosse.<\/span><\/p>\n<p><span style=\"font-weight: 400\">A efic\u00e1cia da BCG \u00e9 grande, garantindo cerca de 78% de prote\u00e7\u00e3o. Mas vale lembrar que depende da realidade do organismo do paciente para que ela possua sua ideal efetividade. Apesar de ter sido criada com a finalidade de proteger contra a tuberculose, estudos comprovam que essa vacina garante tamb\u00e9m certa prote\u00e7\u00e3o contra a hansen\u00edase.<\/span><\/p>\n<h2><b>Recomenda\u00e7\u00f5es da vacina BCG<\/b><\/h2>\n<p><span style=\"font-weight: 400\">\u00c9 recomendado que ela seja aplicada em crian\u00e7as entre 0 e 4 anos, de prefer\u00eancia no beb\u00ea rec\u00e9m-nascido. Apesar de sua efici\u00eancia, a vacina possui tamb\u00e9m algumas contraindica\u00e7\u00f5es, como para crian\u00e7as com peso inferior a 2kg, imunodeficientes, prematuras, desnutridas, com erup\u00e7\u00f5es cut\u00e2neas generalizadas e que est\u00e3o realizando tratamento com corticoides. A aplica\u00e7\u00e3o da vacina BCG em crian\u00e7as tornou-se obrigat\u00f3ria pelo Minist\u00e9rio da Sa\u00fade desde 1976.<\/span><\/p>\n<p><span style=\"font-weight: 400\">Sua dura\u00e7\u00e3o de preserva\u00e7\u00e3o pode variar. Estudos apontam que, ao longo dos anos, sua prote\u00e7\u00e3o vai diminuindo por causa da incapacidade de gerar a quantidade de c\u00e9lulas de mem\u00f3ria suficiente. No entanto, consta que a prote\u00e7\u00e3o \u00e9 elevada nos primeiros 3 anos de vida, mas n\u00e3o existem registros de que a prote\u00e7\u00e3o seja superior a 15 anos.<\/span><\/p>\n<h2>Curiosidades<\/h2>\n<div style=\"width: 165px\" class=\"wp-caption alignleft\"><img loading=\"lazy\" decoding=\"async\" src=\"https:\/\/encrypted-tbn0.gstatic.com\/images?q=tbn:ANd9GcRScNp7kaQ-gZrMi0U8M5RwwizRMxshjyj-rA&amp;usqp=CAU\" alt=\"Santa Teresinha e outros | carmelojundiai\" width=\"155\" height=\"207\" \/><p class=\"wp-caption-text\">Fonte: Google<\/p><\/div>\n<p><span style=\"font-weight: 400\">Voc\u00ea sabia que Santa Teresinha do Menino Jesus faleceu de tuberculose?<\/span><\/p>\n<p><span style=\"font-weight: 400\">Devido ao surto pand\u00eamico da peste Russa na Fran\u00e7a, em 1889-1890, a doen\u00e7a acabou chegando no carmelo de Lisieux, onde Santa Teresinha veio a adoecer. Por falta de conhecimento da doen\u00e7a e por escassez de medicamentos, o surto teve o efeito de 70 mil mortos em toda a Fran\u00e7a.<\/span><\/p>\n<p>Saiba mais clicando aqui: <a href=\"https:\/\/formacao.cancaonova.com\/igreja\/santos\/documentario-sobre-santa-teresinha\/\" target=\"_blank\" rel=\"noopener\">https: \/\/formacao.cancaonova.com\/igreja\/santos\/documentario-sobre-santa-teresinha\/<\/a><\/p>\n","protected":false},"excerpt":{"rendered":"<p>&nbsp; O que a vacina previne? A vacina BCG foi criada no dia 1\u00b0 de julho de 1921. Ela \u00e9 utilizada na preven\u00e7\u00e3o da tuberculose e das formas mais graves da doen\u00e7a, como a tuberculose miliar e a meningite tuberculosa,&#8230;<\/p>\n","protected":false},"author":4740,"featured_media":988,"comment_status":"open","ping_status":"open","sticky":false,"template":"","format":"standard","meta":{"_mi_skip_tracking":false,"_monsterinsights_sitenote_active":false,"_monsterinsights_sitenote_note":"","_monsterinsights_sitenote_category":0,"footnotes":""},"categories":[591,901],"tags":[],"_links":{"self":[{"href":"https:\/\/blog.cancaonova.com\/centromedicopadrepio\/wp-json\/wp\/v2\/posts\/987"}],"collection":[{"href":"https:\/\/blog.cancaonova.com\/centromedicopadrepio\/wp-json\/wp\/v2\/posts"}],"about":[{"href":"https:\/\/blog.cancaonova.com\/centromedicopadrepio\/wp-json\/wp\/v2\/types\/post"}],"author":[{"embeddable":true,"href":"https:\/\/blog.cancaonova.com\/centromedicopadrepio\/wp-json\/wp\/v2\/users\/4740"}],"replies":[{"embeddable":true,"href":"https:\/\/blog.cancaonova.com\/centromedicopadrepio\/wp-json\/wp\/v2\/comments?post=987"}],"version-history":[{"count":21,"href":"https:\/\/blog.cancaonova.com\/centromedicopadrepio\/wp-json\/wp\/v2\/posts\/987\/revisions"}],"predecessor-version":[{"id":1254,"href":"https:\/\/blog.cancaonova.com\/centromedicopadrepio\/wp-json\/wp\/v2\/posts\/987\/revisions\/1254"}],"wp:featuredmedia":[{"embeddable":true,"href":"https:\/\/blog.cancaonova.com\/centromedicopadrepio\/wp-json\/wp\/v2\/media\/988"}],"wp:attachment":[{"href":"https:\/\/blog.cancaonova.com\/centromedicopadrepio\/wp-json\/wp\/v2\/media?parent=987"}],"wp:term":[{"taxonomy":"category","embeddable":true,"href":"https:\/\/blog.cancaonova.com\/centromedicopadrepio\/wp-json\/wp\/v2\/categories?post=987"},{"taxonomy":"post_tag","embeddable":true,"href":"https:\/\/blog.cancaonova.com\/centromedicopadrepio\/wp-json\/wp\/v2\/tags?post=987"}],"curies":[{"name":"wp","href":"https:\/\/api.w.org\/{rel}","templated":true}]}}