{"id":2034,"date":"2014-06-27T09:14:32","date_gmt":"2014-06-27T12:14:32","guid":{"rendered":"http:\/\/blog.cancaonova.com\/cleberrodrigues\/?p=2034"},"modified":"2014-06-27T09:15:19","modified_gmt":"2014-06-27T12:15:19","slug":"joao-batista-modelo-de-missionario","status":"publish","type":"post","link":"https:\/\/blog.cancaonova.com\/cleberrodrigues\/joao-batista-modelo-de-missionario\/","title":{"rendered":"Jo\u00e3o Batista: modelo de mission\u00e1rio"},"content":{"rendered":"<p><strong><em>Aleluia, aleluia, aleluia.<\/em><\/strong> <strong><em> Ser\u00e1s chamado, \u00f3 menino, o profeta do Alt\u00edssimo: ir\u00e1s diante do Senhor, preparando-lhe os caminhos (Jo 1,7; Lc 1,17).<\/em><\/strong><\/p>\n<p><img loading=\"lazy\" decoding=\"async\" class=\"aligncenter  wp-image-2093\" src=\"http:\/\/blog.cancaonova.com\/cleberrodrigues\/files\/2014\/06\/joao-batista.jpg\" alt=\"joao-batista\" width=\"662\" height=\"372\" srcset=\"https:\/\/blog.cancaonova.com\/cleberrodrigues\/files\/2014\/06\/joao-batista.jpg 600w, https:\/\/blog.cancaonova.com\/cleberrodrigues\/files\/2014\/06\/joao-batista-300x168.jpg 300w\" sizes=\"(max-width: 662px) 100vw, 662px\" \/><\/p>\n<p>Viva S\u00e3o Jo\u00e3o! Anualmente, no dia\u00a024\u00a0de junho, a Igreja celebra a <strong>Natividade de S\u00e3o Jo\u00e3o Batista<\/strong>. N\u00e3o se trata somente de mais uma data comemorativa no calend\u00e1rio lit\u00fargico. Mas, precisamos perceber que nesta data, ainda que, na verdade, a maioria das pessoas nem saibam o que, de fato, est\u00e3o celebrando, que n\u00f3s crist\u00e3os tomemos consci\u00eancia de que n\u00f3s devemos honrar, venerar e reconhecer a grandeza \u00e9 Jo\u00e3o Batista, porque entre os nascidos de uma \u201cmulher\u201d, como diz Jesus, n\u00e3o houve ningu\u00e9m maior do que S\u00e3o Jo\u00e3o Batista: um modelo de mission\u00e1rio.<!--moreContinue lendo...--><\/p>\n<p><strong>Um homem olhando para uma multid\u00e3o e apontando para Jesus.<\/strong><\/p>\n<p>Em S\u00e3o Jo\u00e3o Batista, vemos um modelo de voca\u00e7\u00e3o, para configurarmos a nossa: preparar o povo para receber Jesus Cristo. De vida simples e austera (no vestir e no comer). Jo\u00e3o foi formando um grupo de pessoas e, sua miss\u00e3o, era preparar o cora\u00e7\u00e3o destas pessoas. Ele pr\u00f3prio batizou Jesus e que, do C\u00e9u, veio o Esp\u00edrito Santo, o qual apresentou: \u201cEis o Cordeiro de Deus!\u201d<\/p>\n<p>Feito isso ele desaparece e encaminha as pessoas para Jesus. Assim, o mission\u00e1rio deve ter a consci\u00eancia que o centro deve ser Jesus Cristo. O evangelizador leva as pessoas para Deus e n\u00e3o para si, pois, colocar-se ou colocar as pessoas no lugar de Deus \u00e9 idolatria. Mas, talvez voc\u00ea me pergunte: como saber se estou preparando o caminho do Senhor? Eis a dica: verificar se as pessoas est\u00e3o se aproximando, cada vez, mais de Jesus e dos sacramentos.<\/p>\n<p><strong>\u201cEsse \u00e9 o papel do evangelizador: favorecer o encontro e sair de mansinho!\u201d (Padre Jos\u00e9 Augusto)<\/strong><\/p>\n<p>Jo\u00e3o Batista tinha consci\u00eancia de sua pequen\u00eas e afirmava: \u201cSou apenas uma voz que clama do deserto\u201d. O papel do mission\u00e1rio \u00e9 ser apenas uma \u201cisca\u201d. O evangelizador \u00e9 aquele que usa todos os dons para favorecer o encontro pessoal com Jesus. \u00c9 preciso muito cuidado e discernimento para n\u00e3o nos acharmos sendo \u201co caminho, a verdade e a vida\u201d \u00c9 preciso falar de Jesus para as pessoas e lev\u00e1-las ao encontro com Ele e n\u00e3o sermos o ped\u00e1gio. Quando uma pessoa n\u00e3o \u00e9 formada por Jesus Cristo, qualquer sopro de \u201cideologia\u201d arrasta.<\/p>\n<p>No momento, em que cumpriu sua miss\u00e3o &#8211; e Jesus ficou conhecido &#8211; Jo\u00e3o Batista morreu decapitado e todos passaram a seguir o novo Mestre. A \u00fanica pessoa que devemos, de fato, sentir falta \u00e9 de Jesus Cristo. Saudades sim, idolatria n\u00e3o! Como celebrar este dia sem supersti\u00e7\u00e3o? <em>\u201cN\u00f3s devemos honr\u00e1-lo tamb\u00e9m com a nossa santidade de vida, com a vontade de viver para sermos tamb\u00e9m profetas de Deus, anunciarmos Deus no mundo que parece celebrar o Senhor, mas, ao mesmo tempo, Ele parece estar t\u00e3o distante para todos\u201d<\/em>, exortou Padre Roger Ara\u00fajo em <a title=\"S\u00e3o Jo\u00e3o Batista preparou os caminhos para a vinda do Senhor\" href=\"http:\/\/homilia.cancaonova.com\/homilia\/sao-joao-batista-preparou-os-caminhos-para-a-vinda-do-senhor\/\" target=\"_blank\">homilia<\/a>.<\/p>\n<p>S\u00e3o Jo\u00e3o Batista, rogai por n\u00f3s.<br \/>\n<strong><img loading=\"lazy\" decoding=\"async\" src=\"http:\/\/blog.cancaonova.com\/cleberrodrigues\/files\/2014\/02\/ico-audio-e1403870785821.jpg\" alt=\"\" width=\"19\" height=\"15\" \/><\/strong><strong>\u00a0Ou\u00e7a agora a prega\u00e7\u00e3o: &#8220;<a href=\"http:\/\/d.sambavideos.sambatech.com\/account\/449\/3\/2014-06-24\/audio\/75766dd40860c58da2770f603912c7d1\/25_02033_PREPARAI_OS_CAMINHOS_DO_SENHOR_MONS_JONAS_ABIB_140903.mp3\" target=\"_blank\">Preparai o caminho do Senhor<\/a>&#8221; (Mons Jonas Abib)<\/strong><\/p>\n<p class=\"audioplayer_container\"><span style=\"display:block;padding:5px;border:1px solid #dddddd;background:#f8f8f8\" id=\"audioplayer_1\">Audio clip: Adobe Flash Player (version 9 or above) is required to play this audio clip. Download the latest version <a href=\"http:\/\/www.adobe.com\/shockwave\/download\/download.cgi?P1_Prod_Version=ShockwaveFlash&amp;promoid=BIOW\" title=\"Download Adobe Flash Player\">here<\/a>. You also need to have JavaScript enabled in your browser.<\/span><\/p>\n<p><script type=\"text\/javascript\">AudioPlayer.embed(\"audioplayer_1\", {soundFile:\"http%3A%2F%2Fd.sambavideos.sambatech.com%2Faccount%2F449%2F3%2F2014-06-24%2Faudio%2F75766dd40860c58da2770f603912c7d1%2F25_02033_PREPARAI_OS_CAMINHOS_DO_SENHOR_MONS_JONAS_ABIB_140903.mp3\"});<\/script><\/p>\n<p><strong>Ora\u00e7\u00e3o do dia <\/strong><\/p>\n<p><em><strong>\u00d3 Deus, que suscitastes s\u00e3o Jo\u00e3o Batista a fim de preparar para o Senhor um povo perfeito, concedei \u00e1 vossa Igreja as alegrias espirituais e dirigi nossos passos no caminho da salva\u00e7\u00e3o e da paz. Por Nosso Senhor Jesus Cristo, Vosso Filho, na unidade do Esp\u00edrito Santo. S\u00e3o Jo\u00e3o Batista, rogai por n\u00f3s.<\/strong><\/em><\/p>\n<p>&nbsp;<\/p>\n<hr style=\"color: #292929\" \/>\n<p style=\"color: #292929\"><strong><img loading=\"lazy\" decoding=\"async\" src=\"http:\/\/blog.cancaonova.com\/cleberrodrigues\/files\/2014\/05\/fale-comigo.jpg\" alt=\"\" width=\"20\" height=\"20\" \/>\u00a0E voc\u00ea, qual sua experi\u00eancia com S\u00e3o Jo\u00e3o Batista?\u00a0Escreva abaixo.<\/strong><\/p>\n<hr style=\"color: #292929\" \/>\n<p style=\"color: #292929\">Que Deus nos aben\u00e7oe.<br \/>\nAt\u00e9 a pr\u00f3xima.<\/p>\n<p style=\"color: #292929\"><strong>Cleber Rodrigues<\/strong><br \/>\nComunidade Can\u00e7\u00e3o Nova<\/p>\n","protected":false},"excerpt":{"rendered":"<p>Aleluia, aleluia, aleluia. Ser\u00e1s chamado, \u00f3 menino, o profeta do Alt\u00edssimo: ir\u00e1s diante do Senhor, preparando-lhe os caminhos (Jo 1,7; Lc 1,17). Viva S\u00e3o Jo\u00e3o! Anualmente, no dia\u00a024\u00a0de junho, a Igreja celebra a Natividade de S\u00e3o Jo\u00e3o Batista. N\u00e3o se&#8230;<\/p>\n","protected":false},"author":4539,"featured_media":0,"comment_status":"open","ping_status":"open","sticky":false,"template":"","format":"standard","meta":{"_mi_skip_tracking":false,"_monsterinsights_sitenote_active":false,"_monsterinsights_sitenote_note":"","_monsterinsights_sitenote_category":0,"footnotes":""},"categories":[4],"tags":[],"_links":{"self":[{"href":"https:\/\/blog.cancaonova.com\/cleberrodrigues\/wp-json\/wp\/v2\/posts\/2034"}],"collection":[{"href":"https:\/\/blog.cancaonova.com\/cleberrodrigues\/wp-json\/wp\/v2\/posts"}],"about":[{"href":"https:\/\/blog.cancaonova.com\/cleberrodrigues\/wp-json\/wp\/v2\/types\/post"}],"author":[{"embeddable":true,"href":"https:\/\/blog.cancaonova.com\/cleberrodrigues\/wp-json\/wp\/v2\/users\/4539"}],"replies":[{"embeddable":true,"href":"https:\/\/blog.cancaonova.com\/cleberrodrigues\/wp-json\/wp\/v2\/comments?post=2034"}],"version-history":[{"count":4,"href":"https:\/\/blog.cancaonova.com\/cleberrodrigues\/wp-json\/wp\/v2\/posts\/2034\/revisions"}],"predecessor-version":[{"id":2095,"href":"https:\/\/blog.cancaonova.com\/cleberrodrigues\/wp-json\/wp\/v2\/posts\/2034\/revisions\/2095"}],"wp:attachment":[{"href":"https:\/\/blog.cancaonova.com\/cleberrodrigues\/wp-json\/wp\/v2\/media?parent=2034"}],"wp:term":[{"taxonomy":"category","embeddable":true,"href":"https:\/\/blog.cancaonova.com\/cleberrodrigues\/wp-json\/wp\/v2\/categories?post=2034"},{"taxonomy":"post_tag","embeddable":true,"href":"https:\/\/blog.cancaonova.com\/cleberrodrigues\/wp-json\/wp\/v2\/tags?post=2034"}],"curies":[{"name":"wp","href":"https:\/\/api.w.org\/{rel}","templated":true}]}}